{"id":64856,"date":"2025-03-18T13:20:28","date_gmt":"2025-03-18T19:20:28","guid":{"rendered":"https:\/\/encuentroinformativo.com.mx\/?p=64856"},"modified":"2025-03-18T13:20:28","modified_gmt":"2025-03-18T19:20:28","slug":"juan-ferrara-se-despide-de-las-marquesinas-en-veracruz","status":"publish","type":"post","link":"https:\/\/encuentroinformativo.com.mx\/?p=64856","title":{"rendered":"Juan Ferrara se despide de las marquesinas en Veracruz"},"content":{"rendered":"<p><strong>Alejandro \u00c1vila<\/strong><\/p>\n<p>Veracruz, Ver.- El primer actor, Juan Ferrara, llega a Veracruz en su gira de despedida de los escenarios con la puesta teatral \u201cNo te vayas sin decir adi\u00f3s\u201d, la cual ha tenido los mejores elogios de la cr\u00edtica especializada.<\/p>\n<p>\u201cNo te vayas sin decir adi\u00f3s\u201d est\u00e1 programada para presentarse en el Teatro Francisco Javier Clavijero el lunes 24 de marzo a las 18:00 y 20:00 horas.<\/p>\n<p>Adem\u00e1s de ser un melodrama cargado de emociones que conecta con la trayectoria del experimentado Juan Ferrara, \u201cNo te vayas sin decir adi\u00f3s\u201d es la obra elegida por el actor para retirarse del teatro.<\/p>\n<p>El t\u00edtulo no solo refleja los eventos que ocurren al final, y que impactar\u00e1n profundamente al p\u00fablico, sino que tambi\u00e9n simboliza la manera en que Juan Ferrara rinde homenaje a su carrera en los melodramas, mientras se despide de los escenarios.<\/p>\n<p>\u201cNo te vayas sin decir adi\u00f3s\u201d fue escrita por Oscar Ortiz de Pinedo y expone las tensiones, rencores y secretos que surgen cuando los sentimientos se van acumulando como en olla de presi\u00f3n hasta que inevitablemente explotan.<\/p>\n<p>Desde su primera aparici\u00f3n en escena, Juan Ferrara es recibido con una calurosa ovaci\u00f3n de un p\u00fablico que reconoce su trayectoria de m\u00e1s de 50 a\u00f1os y que es cari\u00f1osamente es recordado por telenovelas como \u201cValeria y Maximiliano\u201d, \u201cInfierno en el para\u00edso\u201d y \u201cLa fuerza del destino\u201d.<\/p>\n<p>Acompa\u00f1an a Juan Ferrara en \u201cNo te vayas sin decir adi\u00f3s\u201d: Andrea Torre, Jos\u00e9 Manuel Lechuga, Natalia Madera, Oscar Medell\u00edn, Adri\u00e1n Rubio. Las ni\u00f1as Karla Gayt\u00e1n, Camila Rivas y Renata Chac\u00f3n, alternando funciones.<\/p>\n","protected":false},"excerpt":{"rendered":"<p>Alejandro \u00c1vila Veracruz, Ver.- El primer actor, Juan Ferrara, llega a Veracruz en su gira de despedida de los escenarios con la puesta teatral \u201cNo te vayas sin decir adi\u00f3s\u201d, la cual ha tenido los mejores elogios de la cr\u00edtica especializada. \u201cNo te vayas sin decir adi\u00f3s\u201d est\u00e1 programada para presentarse en el Teatro Francisco [&hellip;]<\/p>\n","protected":false},"author":2476,"featured_media":64857,"comment_status":"open","ping_status":"open","sticky":false,"template":"","format":"standard","meta":{"_jetpack_memberships_contains_paid_content":false,"footnotes":""},"categories":[2],"tags":[],"class_list":["post-64856","post","type-post","status-publish","format-standard","has-post-thumbnail","hentry","category-estado"],"jetpack_featured_media_url":"https:\/\/encuentroinformativo.com.mx\/wp-content\/uploads\/2025\/03\/IMG-20250318-WA0094.jpg","jetpack_sharing_enabled":true,"jetpack_likes_enabled":true,"amp_enabled":true,"_links":{"self":[{"href":"https:\/\/encuentroinformativo.com.mx\/index.php?rest_route=\/wp\/v2\/posts\/64856","targetHints":{"allow":["GET"]}}],"collection":[{"href":"https:\/\/encuentroinformativo.com.mx\/index.php?rest_route=\/wp\/v2\/posts"}],"about":[{"href":"https:\/\/encuentroinformativo.com.mx\/index.php?rest_route=\/wp\/v2\/types\/post"}],"author":[{"embeddable":true,"href":"https:\/\/encuentroinformativo.com.mx\/index.php?rest_route=\/wp\/v2\/users\/2476"}],"replies":[{"embeddable":true,"href":"https:\/\/encuentroinformativo.com.mx\/index.php?rest_route=%2Fwp%2Fv2%2Fcomments&post=64856"}],"version-history":[{"count":1,"href":"https:\/\/encuentroinformativo.com.mx\/index.php?rest_route=\/wp\/v2\/posts\/64856\/revisions"}],"predecessor-version":[{"id":64858,"href":"https:\/\/encuentroinformativo.com.mx\/index.php?rest_route=\/wp\/v2\/posts\/64856\/revisions\/64858"}],"wp:featuredmedia":[{"embeddable":true,"href":"https:\/\/encuentroinformativo.com.mx\/index.php?rest_route=\/wp\/v2\/media\/64857"}],"wp:attachment":[{"href":"https:\/\/encuentroinformativo.com.mx\/index.php?rest_route=%2Fwp%2Fv2%2Fmedia&parent=64856"}],"wp:term":[{"taxonomy":"category","embeddable":true,"href":"https:\/\/encuentroinformativo.com.mx\/index.php?rest_route=%2Fwp%2Fv2%2Fcategories&post=64856"},{"taxonomy":"post_tag","embeddable":true,"href":"https:\/\/encuentroinformativo.com.mx\/index.php?rest_route=%2Fwp%2Fv2%2Ftags&post=64856"}],"curies":[{"name":"wp","href":"https:\/\/api.w.org\/{rel}","templated":true}]}}