{"id":64862,"date":"2025-03-18T15:01:41","date_gmt":"2025-03-18T21:01:41","guid":{"rendered":"https:\/\/encuentroinformativo.com.mx\/?p=64862"},"modified":"2025-03-18T15:01:41","modified_gmt":"2025-03-18T21:01:41","slug":"reto-boletas-para-eleccion-del-poder-judicial","status":"publish","type":"post","link":"https:\/\/encuentroinformativo.com.mx\/?p=64862","title":{"rendered":"Reto, boletas para elecci\u00f3n del Poder Judicial"},"content":{"rendered":"<p><strong>Dar\u00edo Pale<\/strong><\/p>\n<p>Xalapa, Ver.- La magistrada presidenta de la Sala Xalapa, del Tribunal Electoral del Poder Judicial de la Federaci\u00f3n (TEPJF), Eva Barrientos Zepeda, dio a conocer que Veracruz sigue siendo el segundo estado con m\u00e1s casos de violencia de g\u00e9nero despu\u00e9s de Oaxaca.<\/p>\n<p>En entrevista coment\u00f3 que, \u201cla tendencia no ha cambiado, sigue igual, en primer lugar Oaxaca y luego Veracruz, primero y segundo lugar, seguimos con la misma tendencia que puede ser quiz\u00e1 tambi\u00e9n a que exista m\u00e1s cultura de denuncia en nuestro estado y en otros estados,<br \/>\nno quiere decir que no exista, pero denuncian menos\u201d.<\/p>\n<p>En cuanto a los asuntos que han resuelto por este tema dijo, \u201cno traigo la estad\u00edstica y si no, no me gustar\u00eda mentirte, darte, darte, pero s\u00ed lo que te puedo decir es que de los asuntos que resolvemos en la sala Xalapa, el primer lugar lo ocupan el tema de sistemas normativos internos, es decir, todo lo que tiene que ver con elecciones regidas por usos y costumbres y el segundo lugar lo ocupa el tema de violencia pol\u00edtica, son los asuntos que m\u00e1s resolvemos\u201d.<\/p>\n<p>En cuanto a las pr\u00f3ximas elecciones del poder judicial indic\u00f3 que, las boletas que ser\u00e1n usadas en esta ocasi\u00f3n para el proceso electoral extraordinario para renovar al Poder Judicial de la Federaci\u00f3n y el Poder Judicial de Veracruz, no ser\u00e1n iguales que las de cualquier proceso, por lo que representar\u00e1 todo un reto.<\/p>\n<p>&#8220;Ahora las boletas son totalmente distintas a las que estamos acostumbrados a votar. No vamos a marcar un emblema como estamos acostumbrados de un partido, sino que ahora la boleta est\u00e1 por orden alfab\u00e9tico, numerados y, las personas tendr\u00e1n que poner en unos recuadros que est\u00e1n en la parte superior, los n\u00fameros&#8221;, se\u00f1al\u00f3.<\/p>\n<p>En ese sentido, defini\u00f3 que la regla general es que el voto ser\u00e1 v\u00e1lido cuando pongan los n\u00fameros arriba, por lo que ser\u00e1 muy importante que la gente le ponga O1, 02, 03, es decir, el n\u00famero completo porque son dos recuadros.<\/p>\n<p>De manera que reconoci\u00f3 que ser\u00e1 todo un reto votar en este proceso electoral y, resalt\u00f3 que los votos se contar\u00e1n en los Consejos Distritales para evitar los errores en el c\u00f3mputo.<\/p>\n<p>Por otra parte, reconoci\u00f3, con base en su experiencia, que las elecciones municipales son las que mayormente se judicializan, explic\u00f3 que esto es porque la gente tiene mucho inter\u00e9s en conocer qui\u00e9nes ser\u00e1n sus autoridades.<\/p>\n<p>Asegur\u00f3 que la Sala est\u00e1 preparada no s\u00f3lo para atender los conflictos por la elecci\u00f3n municipal, sino para lo que se derive de las inconformidades por la elecci\u00f3n judicial de los estados de Veracruz, Quintana Roo, Tabasco y Yucat\u00e1n.<\/p>\n<p>Zepeda Barrientos explic\u00f3 que no tuvieron incremento en el presupuesto m\u00e1s que lo que corresponde a una persona por \u00e1rea, de manera temporal, es decir, solamente presupuesto para cuatro personas m\u00e1s.<\/p>\n<p>Finalmente dijo que, &#8220;tenemos personal muy capacitado, muy profesional y s\u00ed vamos a sacar adelante, en tiempo y forma el trabajo. La justicia electoral se caracteriza en nuestro pa\u00eds por ser la m\u00e1s r\u00e1pida&#8221;.<\/p>\n","protected":false},"excerpt":{"rendered":"<p>Dar\u00edo Pale Xalapa, Ver.- La magistrada presidenta de la Sala Xalapa, del Tribunal Electoral del Poder Judicial de la Federaci\u00f3n (TEPJF), Eva Barrientos Zepeda, dio a conocer que Veracruz sigue siendo el segundo estado con m\u00e1s casos de violencia de g\u00e9nero despu\u00e9s de Oaxaca. En entrevista coment\u00f3 que, \u201cla tendencia no ha cambiado, sigue igual, [&hellip;]<\/p>\n","protected":false},"author":2476,"featured_media":64863,"comment_status":"open","ping_status":"open","sticky":false,"template":"","format":"standard","meta":{"_jetpack_memberships_contains_paid_content":false,"footnotes":""},"categories":[2],"tags":[],"class_list":["post-64862","post","type-post","status-publish","format-standard","has-post-thumbnail","hentry","category-estado"],"jetpack_featured_media_url":"https:\/\/encuentroinformativo.com.mx\/wp-content\/uploads\/2025\/03\/IMG-20250318-WA0215.jpg","jetpack_sharing_enabled":true,"jetpack_likes_enabled":true,"amp_enabled":true,"_links":{"self":[{"href":"https:\/\/encuentroinformativo.com.mx\/index.php?rest_route=\/wp\/v2\/posts\/64862","targetHints":{"allow":["GET"]}}],"collection":[{"href":"https:\/\/encuentroinformativo.com.mx\/index.php?rest_route=\/wp\/v2\/posts"}],"about":[{"href":"https:\/\/encuentroinformativo.com.mx\/index.php?rest_route=\/wp\/v2\/types\/post"}],"author":[{"embeddable":true,"href":"https:\/\/encuentroinformativo.com.mx\/index.php?rest_route=\/wp\/v2\/users\/2476"}],"replies":[{"embeddable":true,"href":"https:\/\/encuentroinformativo.com.mx\/index.php?rest_route=%2Fwp%2Fv2%2Fcomments&post=64862"}],"version-history":[{"count":2,"href":"https:\/\/encuentroinformativo.com.mx\/index.php?rest_route=\/wp\/v2\/posts\/64862\/revisions"}],"predecessor-version":[{"id":64865,"href":"https:\/\/encuentroinformativo.com.mx\/index.php?rest_route=\/wp\/v2\/posts\/64862\/revisions\/64865"}],"wp:featuredmedia":[{"embeddable":true,"href":"https:\/\/encuentroinformativo.com.mx\/index.php?rest_route=\/wp\/v2\/media\/64863"}],"wp:attachment":[{"href":"https:\/\/encuentroinformativo.com.mx\/index.php?rest_route=%2Fwp%2Fv2%2Fmedia&parent=64862"}],"wp:term":[{"taxonomy":"category","embeddable":true,"href":"https:\/\/encuentroinformativo.com.mx\/index.php?rest_route=%2Fwp%2Fv2%2Fcategories&post=64862"},{"taxonomy":"post_tag","embeddable":true,"href":"https:\/\/encuentroinformativo.com.mx\/index.php?rest_route=%2Fwp%2Fv2%2Ftags&post=64862"}],"curies":[{"name":"wp","href":"https:\/\/api.w.org\/{rel}","templated":true}]}}