{"id":6487,"date":"2020-10-04T12:43:57","date_gmt":"2020-10-04T17:43:57","guid":{"rendered":"https:\/\/encuentroinformativo.com.mx\/?p=6487"},"modified":"2020-10-04T12:44:00","modified_gmt":"2020-10-04T17:44:00","slug":"medico-veracruzano-postulado-a-reconocimiento-altruista-que-entregara-presidencia-de-la-republica","status":"publish","type":"post","link":"https:\/\/encuentroinformativo.com.mx\/?p=6487","title":{"rendered":"M\u00e9dico veracruzano postulado a reconocimiento altruista que entregar\u00e1 Presidencia de la Rep\u00fablica"},"content":{"rendered":"\n<p><strong>Alejandro \u00c1vila<\/strong><\/p>\n\n\n\n<p>Veracruz, Ver.- El doctor Jos\u00e9 Juan Archundia Mar\u00edn, quien funge como director de Capacitaci\u00f3n y Desarrollo de la Fundaci\u00f3n &#8220;Yaritza Movimientos que curan A.C\u201d en el Puerto de Veracruz, ha sido postulado para recibir la condecoraci\u00f3n \u201cMiguel Hidalgo\u201d que entrega la Presidencia de la Rep\u00fablica.<\/p>\n\n\n\n<p>La condecoraci\u00f3n Miguel Hidalgo es entregada a ciudadanos mexicanos que han destacado, y se les reconoce su hero\u00edsmo, profesionalismo y conducta ejemplar ante la sociedad.<\/p>\n\n\n\n<p>Cabe se\u00f1alar, que el pasado 16 de septiembre, el presidente de la rep\u00fablica, Andr\u00e9s Manuel L\u00f3pez Obrador, entreg\u00f3 la Condecoraci\u00f3n Miguel Hidalgo en el &#8220;Grado Collar&#8221; a 58 trabajadores del sector salud por sus servicios m\u00e9dicos ante la emergencia sanitaria por COVID-19.<\/p>\n\n\n\n<p>Fundaci\u00f3n Yaritza misma que se ubica en la avenida Fidel Velazquez en Veracruz Puerto, atiende de forma mensual a m\u00e1s de 50 ni\u00f1os de todo el Estado de Veracruz que tiene discapacidad, tales como S\u00edndrome de Down, Par\u00e1lisis Cerebral, Espectro Autista, Trastorno de Lenguaje, Problemas de Aprendizaje y Esquizofrenia.<\/p>\n\n\n\n<p>En los \u00faltimos siete a\u00f1os, el doctor Jos\u00e9 Juan Mar\u00edn, se ha dedicado a capacitar y abrir centros equino terap\u00e9uticos en localidades con marginaci\u00f3n de los estados de Chiapas, Oaxaca, Tabasco y Veracruz; llevando esperanza a m\u00e1s de 45,000 ni\u00f1os con discapacidad. Una de sus \u00faltimas capacitaciones est\u00e1 siendo dirigida al personal del &#8220;Rancho Tierra Nueva&#8221; ubicado en el municipio de Santiago Tuxtla en Veracruz.<\/p>\n\n\n\n<p>\u201cNos sentimos muy afortunados de que \u00e9l sea parte del equipo de Yaritza, ya que cuando nosotros iniciamos recibimos la primera capacitaci\u00f3n por parte de \u00e9l en lo que es la equino terapia y la terapia f\u00edsica y ocupacional con los equinos, entonces fue una persona que nos ha tendido la mano, nos ha ayudado much\u00edsimo, desde los inicios como cofundador de la Asociaci\u00f3n y han sido nueve a\u00f1os de est\u00e1 trabajando con \u00e9l\u201d, se\u00f1al\u00f3 la presidenta de \u201cFundaci\u00f3n Yaritza\u201d, Vianey Morales Apodaca.<\/p>\n","protected":false},"excerpt":{"rendered":"<p>Alejandro \u00c1vila Veracruz, Ver.- El doctor Jos\u00e9 Juan Archundia Mar\u00edn, quien funge como director de Capacitaci\u00f3n y Desarrollo de la Fundaci\u00f3n &#8220;Yaritza Movimientos que curan A.C\u201d en el Puerto de Veracruz, ha sido postulado para recibir la condecoraci\u00f3n \u201cMiguel Hidalgo\u201d que entrega la Presidencia de la Rep\u00fablica. La condecoraci\u00f3n Miguel Hidalgo es entregada a ciudadanos [&hellip;]<\/p>\n","protected":false},"author":1,"featured_media":6488,"comment_status":"open","ping_status":"open","sticky":false,"template":"","format":"standard","meta":{"_jetpack_memberships_contains_paid_content":false,"footnotes":""},"categories":[2],"tags":[],"class_list":["post-6487","post","type-post","status-publish","format-standard","has-post-thumbnail","hentry","category-estado"],"jetpack_featured_media_url":"https:\/\/encuentroinformativo.com.mx\/wp-content\/uploads\/2020\/10\/1130C2B2-F4E5-4076-83B9-19ABD86C4409.jpeg","jetpack_sharing_enabled":true,"jetpack_likes_enabled":true,"amp_enabled":true,"_links":{"self":[{"href":"https:\/\/encuentroinformativo.com.mx\/index.php?rest_route=\/wp\/v2\/posts\/6487","targetHints":{"allow":["GET"]}}],"collection":[{"href":"https:\/\/encuentroinformativo.com.mx\/index.php?rest_route=\/wp\/v2\/posts"}],"about":[{"href":"https:\/\/encuentroinformativo.com.mx\/index.php?rest_route=\/wp\/v2\/types\/post"}],"author":[{"embeddable":true,"href":"https:\/\/encuentroinformativo.com.mx\/index.php?rest_route=\/wp\/v2\/users\/1"}],"replies":[{"embeddable":true,"href":"https:\/\/encuentroinformativo.com.mx\/index.php?rest_route=%2Fwp%2Fv2%2Fcomments&post=6487"}],"version-history":[{"count":1,"href":"https:\/\/encuentroinformativo.com.mx\/index.php?rest_route=\/wp\/v2\/posts\/6487\/revisions"}],"predecessor-version":[{"id":6489,"href":"https:\/\/encuentroinformativo.com.mx\/index.php?rest_route=\/wp\/v2\/posts\/6487\/revisions\/6489"}],"wp:featuredmedia":[{"embeddable":true,"href":"https:\/\/encuentroinformativo.com.mx\/index.php?rest_route=\/wp\/v2\/media\/6488"}],"wp:attachment":[{"href":"https:\/\/encuentroinformativo.com.mx\/index.php?rest_route=%2Fwp%2Fv2%2Fmedia&parent=6487"}],"wp:term":[{"taxonomy":"category","embeddable":true,"href":"https:\/\/encuentroinformativo.com.mx\/index.php?rest_route=%2Fwp%2Fv2%2Fcategories&post=6487"},{"taxonomy":"post_tag","embeddable":true,"href":"https:\/\/encuentroinformativo.com.mx\/index.php?rest_route=%2Fwp%2Fv2%2Ftags&post=6487"}],"curies":[{"name":"wp","href":"https:\/\/api.w.org\/{rel}","templated":true}]}}