{"id":64884,"date":"2025-03-18T20:02:07","date_gmt":"2025-03-19T02:02:07","guid":{"rendered":"https:\/\/encuentroinformativo.com.mx\/?p=64884"},"modified":"2025-03-18T20:02:07","modified_gmt":"2025-03-19T02:02:07","slug":"morena-denuncio-a-mc-por-publicidad-contra-familia-yunes-maynez","status":"publish","type":"post","link":"https:\/\/encuentroinformativo.com.mx\/?p=64884","title":{"rendered":"Morena denunci\u00f3 a MC por publicidad contra familia Yunes: Maynez\u00a0"},"content":{"rendered":"<p><strong>Alejandro \u00c1vila<\/strong><\/p>\n<p>Boca del R\u00edo, Ver.- El presidente nacional de Movimiento Ciudadano, Jorge \u00c1lvarez Maynez, confirm\u00f3 en su visita a Boca del R\u00edo que Morena denunci\u00f3 ante el Instituto Nacional Electoral (INE), la publicidad que partido naranja ha utilizado en Veracruz donde ataca directamente a la familia Yunes.<\/p>\n<p>El ex aspirante a la presidencia de M\u00e9xico lament\u00f3 la incongruencia del partido guinda, qui\u00e9n en su momento manten\u00eda a los Yunes como sus enemigos, y ahora los pone de su lado en el Senado de la Rep\u00fablica.<\/p>\n<p>&#8220;De Morena, PAN y PRI, cuando se trata de impunidad se juntan, act\u00faan de una sola manera han protegido a esa familia, a esta gente que ha da\u00f1ado, ha lastimado, ha saqueado Veracruz, yo la verdad me da mucha pena porque yo escuch\u00e9 muchas veces al ex presidente L\u00f3pez Obrador decirles mafiosos, Mafia del Poder, a este se\u00f1or y a estos personajes y ahora, pues bueno ah\u00ed los tienen, hasta presidiendo comisiones y dem\u00e1s&#8221;, se\u00f1al\u00f3.<\/p>\n<p>Jorge \u00c1lvarez sostuvo una reuni\u00f3n con cientos de j\u00f3venes en conocido restaurante del municipio de Boca del R\u00edo, donde estuvo acompa\u00f1ado del presidente estatal de MC, Luis Carbonell, el candidato a la alcald\u00eda de Boca del R\u00edo, Ra\u00fal Zarrabal, el diputado federal, Sergio Gil y, la diputada local, Elena C\u00f3rdova; d\u00f3nde asegur\u00f3 que las pr\u00f3ximas elecciones los veracruzanos castigar\u00e1n con su voto a las familias y a los partidos que han incumplido sus promesas.<\/p>\n<p>&#8220;Pero m\u00e1s all\u00e1 de esos desgastes, de esos dimes y diretes, si alguien est\u00e1 informado si una sociedad est\u00e1 politizada en el pa\u00eds, la verdad es que los jarochos se pintan solos, y aqu\u00ed la gente est\u00e1 muy avispada como dec\u00eda el ex presidente L\u00f3pez Obrador, y yo estoy seguro que la gente lo va a manifestar en las urnas esta traici\u00f3n al pueblo de Veracruz, a los ideales y a todo lo que se prometi\u00f3 en alg\u00fan momento&#8221;, remat\u00f3.<\/p>\n","protected":false},"excerpt":{"rendered":"<p>Alejandro \u00c1vila Boca del R\u00edo, Ver.- El presidente nacional de Movimiento Ciudadano, Jorge \u00c1lvarez Maynez, confirm\u00f3 en su visita a Boca del R\u00edo que Morena denunci\u00f3 ante el Instituto Nacional Electoral (INE), la publicidad que partido naranja ha utilizado en Veracruz donde ataca directamente a la familia Yunes. El ex aspirante a la presidencia de [&hellip;]<\/p>\n","protected":false},"author":2476,"featured_media":64885,"comment_status":"open","ping_status":"open","sticky":false,"template":"","format":"standard","meta":{"_jetpack_memberships_contains_paid_content":false,"footnotes":""},"categories":[2],"tags":[],"class_list":["post-64884","post","type-post","status-publish","format-standard","has-post-thumbnail","hentry","category-estado"],"jetpack_featured_media_url":"https:\/\/encuentroinformativo.com.mx\/wp-content\/uploads\/2025\/03\/IMG-20250318-WA0350.jpg","jetpack_sharing_enabled":true,"jetpack_likes_enabled":true,"amp_enabled":true,"_links":{"self":[{"href":"https:\/\/encuentroinformativo.com.mx\/index.php?rest_route=\/wp\/v2\/posts\/64884","targetHints":{"allow":["GET"]}}],"collection":[{"href":"https:\/\/encuentroinformativo.com.mx\/index.php?rest_route=\/wp\/v2\/posts"}],"about":[{"href":"https:\/\/encuentroinformativo.com.mx\/index.php?rest_route=\/wp\/v2\/types\/post"}],"author":[{"embeddable":true,"href":"https:\/\/encuentroinformativo.com.mx\/index.php?rest_route=\/wp\/v2\/users\/2476"}],"replies":[{"embeddable":true,"href":"https:\/\/encuentroinformativo.com.mx\/index.php?rest_route=%2Fwp%2Fv2%2Fcomments&post=64884"}],"version-history":[{"count":1,"href":"https:\/\/encuentroinformativo.com.mx\/index.php?rest_route=\/wp\/v2\/posts\/64884\/revisions"}],"predecessor-version":[{"id":64886,"href":"https:\/\/encuentroinformativo.com.mx\/index.php?rest_route=\/wp\/v2\/posts\/64884\/revisions\/64886"}],"wp:featuredmedia":[{"embeddable":true,"href":"https:\/\/encuentroinformativo.com.mx\/index.php?rest_route=\/wp\/v2\/media\/64885"}],"wp:attachment":[{"href":"https:\/\/encuentroinformativo.com.mx\/index.php?rest_route=%2Fwp%2Fv2%2Fmedia&parent=64884"}],"wp:term":[{"taxonomy":"category","embeddable":true,"href":"https:\/\/encuentroinformativo.com.mx\/index.php?rest_route=%2Fwp%2Fv2%2Fcategories&post=64884"},{"taxonomy":"post_tag","embeddable":true,"href":"https:\/\/encuentroinformativo.com.mx\/index.php?rest_route=%2Fwp%2Fv2%2Ftags&post=64884"}],"curies":[{"name":"wp","href":"https:\/\/api.w.org\/{rel}","templated":true}]}}