{"id":64894,"date":"2025-03-19T09:37:19","date_gmt":"2025-03-19T15:37:19","guid":{"rendered":"https:\/\/encuentroinformativo.com.mx\/?p=64894"},"modified":"2025-03-19T09:37:19","modified_gmt":"2025-03-19T15:37:19","slug":"coatepec-con-aroma-de-mujer","status":"publish","type":"post","link":"https:\/\/encuentroinformativo.com.mx\/?p=64894","title":{"rendered":"COATEPEC, CON AROMA DE MUJER"},"content":{"rendered":"<p dir=\"ltr\"><strong>Los Pol\u00edticos<\/strong><\/p>\n<p dir=\"ltr\"><strong>Salvador Mu\u00f1oz<\/strong><\/p>\n<p dir=\"ltr\">Coatepec, con aroma de mujer\u2026 al menos en Morena! Es que as\u00ed pinta la cosa para que en este Pueblo M\u00e1gico, el partido oficial tenga Candidata, con A (dixit Claudia).<\/p>\n<p dir=\"ltr\">Las razones son simples muy independientes a la encuesta y dem\u00e1s choros que pueda lanzar el nuevo partidazo.<\/p>\n<p dir=\"ltr\">La primera: El primer presidente municipal que tiene Morena en este municipio, es var\u00f3n\u2026 Raymundo Andrade.<\/p>\n<p dir=\"ltr\">La segunda: La primera curul local que tuvo Coatepec fue para un var\u00f3n\u2026 Raymundo Andrade\u2026<\/p>\n<p dir=\"ltr\">Tercera: El segundo diputado local que tuvo Coatepec, fue para Luis Ronaldo Z\u00e1rate, que aunque digan que era del PT, no es cierto\u2026 Morena se los prest\u00f3.<\/p>\n<p dir=\"ltr\">Cuarta: La \u00fanica mujer que ha tenido Morena en Coatepec representado al distrito, fue Carmen Mora, como diputada federal y despu\u00e9s le toc\u00f3 a un var\u00f3n entrar a ese relevo: Adri\u00e1n Gonz\u00e1lez Naveda.<\/p>\n<p dir=\"ltr\">Y ya con todos estos elementos, la alternancia de g\u00e9nero est\u00e1 m\u00e1s que cantada en Coatepec.<\/p>\n<p dir=\"ltr\">El asunto es definir cu\u00e1l mujer para la candidatura de Morena\u2026<\/p>\n<p dir=\"ltr\">Est\u00e1n Abril D\u00edaz Pozos, Linda Rub\u00ed, la misma Carmen Mora, Karina Gal\u00e1n, Gabriela Acosta Mari, Silvia Ojeda y Arely Bonilla.<\/p>\n<p dir=\"ltr\">Cada una de ellas ha tenido o tiene actividad pol\u00edtica en Coatepec.<\/p>\n<p dir=\"ltr\">Por ejemplo, Abril fue candidata a diputada del extinto Fuerza por M\u00e9xico, vinculada con Eleazar Guerrero y emprendedora con un negocio de est\u00e9tica femenina.<\/p>\n<p dir=\"ltr\">Tenemos a la S\u00edndica Linda Rub\u00ed Mart\u00ednez D\u00edaz, quien igual ha participado en contiendas electorales y hasta suplente de Noem\u00ed Guzm\u00e1n fue\u2026 a ella la relacionan con Bola 8\u2026<\/p>\n<p dir=\"ltr\">Est\u00e1 Carmen Mora, quien ya dijimos que fue diputada federal; es empresaria y lo \u00fanico malo fue el berrinche cuando le bajaron de la contienda municipal, hace cuatro a\u00f1os, a su reto\u00f1o Rigoberto Amezcua y el m\u00e1s reciente caso fue cuando se enter\u00f3 que iba Ram\u00f3n D\u00edaz Avila por la curul local\u2026 y ya no le entr\u00f3 a la campa\u00f1a ni de Moncho ni de Nahle\u2026<\/p>\n<p dir=\"ltr\">Gabriela Acosta es titular de Obras P\u00fablicas del ayuntamiento m\u00e1gico\u2026 luego entonces, la vinculaci\u00f3n directa que hacen en Coatepec, es que es posici\u00f3n del alcalde\u2026 y ni se diga de Karina Gal\u00e1n, media hermana de Raymundo Andrade.<\/p>\n<p dir=\"ltr\">Hay hasta quienes dicen que Silvia Ojeda es carta de Claudia Tello, la titular de la SEV, todo porque la aspirante es delegada regional de dicha secretar\u00eda.<\/p>\n<p dir=\"ltr\">Y por \u00faltimo, Arely Bonilla, empresaria y ya con a\u00f1os y experiencia en estas lides pol\u00edticas\u2026<\/p>\n<p dir=\"ltr\">As\u00ed que, si sumamos lo que arrojen las encuestas y sumamos las miles de razones para que se aplique la alternancia de g\u00e9nero en la designaci\u00f3n de candidato en el Pueblo M\u00e1gico, no nos sorprenda que Morena luche por tener en Coatepec a la segunda presidenta municipal despu\u00e9s de Rosita L\u00f3pez Botello.<\/p>\n","protected":false},"excerpt":{"rendered":"<p>Los Pol\u00edticos Salvador Mu\u00f1oz Coatepec, con aroma de mujer\u2026 al menos en Morena! Es que as\u00ed pinta la cosa para que en este Pueblo M\u00e1gico, el partido oficial tenga Candidata, con A (dixit Claudia). Las razones son simples muy independientes a la encuesta y dem\u00e1s choros que pueda lanzar el nuevo partidazo. La primera: El [&hellip;]<\/p>\n","protected":false},"author":2476,"featured_media":387,"comment_status":"open","ping_status":"open","sticky":false,"template":"","format":"standard","meta":{"_jetpack_memberships_contains_paid_content":false,"footnotes":""},"categories":[11],"tags":[],"class_list":["post-64894","post","type-post","status-publish","format-standard","has-post-thumbnail","hentry","category-opinion"],"jetpack_featured_media_url":"https:\/\/encuentroinformativo.com.mx\/wp-content\/uploads\/2020\/03\/7CF8A22B-2764-47BE-8F7F-38FE9E5D6A2F.jpeg","jetpack_sharing_enabled":true,"jetpack_likes_enabled":true,"amp_enabled":true,"_links":{"self":[{"href":"https:\/\/encuentroinformativo.com.mx\/index.php?rest_route=\/wp\/v2\/posts\/64894","targetHints":{"allow":["GET"]}}],"collection":[{"href":"https:\/\/encuentroinformativo.com.mx\/index.php?rest_route=\/wp\/v2\/posts"}],"about":[{"href":"https:\/\/encuentroinformativo.com.mx\/index.php?rest_route=\/wp\/v2\/types\/post"}],"author":[{"embeddable":true,"href":"https:\/\/encuentroinformativo.com.mx\/index.php?rest_route=\/wp\/v2\/users\/2476"}],"replies":[{"embeddable":true,"href":"https:\/\/encuentroinformativo.com.mx\/index.php?rest_route=%2Fwp%2Fv2%2Fcomments&post=64894"}],"version-history":[{"count":1,"href":"https:\/\/encuentroinformativo.com.mx\/index.php?rest_route=\/wp\/v2\/posts\/64894\/revisions"}],"predecessor-version":[{"id":64896,"href":"https:\/\/encuentroinformativo.com.mx\/index.php?rest_route=\/wp\/v2\/posts\/64894\/revisions\/64896"}],"wp:featuredmedia":[{"embeddable":true,"href":"https:\/\/encuentroinformativo.com.mx\/index.php?rest_route=\/wp\/v2\/media\/387"}],"wp:attachment":[{"href":"https:\/\/encuentroinformativo.com.mx\/index.php?rest_route=%2Fwp%2Fv2%2Fmedia&parent=64894"}],"wp:term":[{"taxonomy":"category","embeddable":true,"href":"https:\/\/encuentroinformativo.com.mx\/index.php?rest_route=%2Fwp%2Fv2%2Fcategories&post=64894"},{"taxonomy":"post_tag","embeddable":true,"href":"https:\/\/encuentroinformativo.com.mx\/index.php?rest_route=%2Fwp%2Fv2%2Ftags&post=64894"}],"curies":[{"name":"wp","href":"https:\/\/api.w.org\/{rel}","templated":true}]}}