{"id":64904,"date":"2025-03-19T13:18:31","date_gmt":"2025-03-19T19:18:31","guid":{"rendered":"https:\/\/encuentroinformativo.com.mx\/?p=64904"},"modified":"2025-03-19T13:18:31","modified_gmt":"2025-03-19T19:18:31","slug":"mc-no-tiene-padrino-ni-gobiernos-que-los-patrocinen-maynez","status":"publish","type":"post","link":"https:\/\/encuentroinformativo.com.mx\/?p=64904","title":{"rendered":"MC no tiene padrino ni gobiernos que los patrocinen: Maynez"},"content":{"rendered":"<p><strong>Alejandro \u00c1vila<\/strong><\/p>\n<p>Alvarado, Ver.- El presidente nacional de Movimiento Ciudadano, Jorge \u00c1lvarez Maynez, mencion\u00f3 que el partido naranja est\u00e1 acostumbrado a ir cuesta arriba y a trabajar para lograr los triunfos en las contiendas electorales.<\/p>\n<p>Si bien reconoci\u00f3 que lograr triunfos en la entidad veracruzana es complicado, puntualiz\u00f3 que las encuestas ya los colocan como la segunda fuerza pol\u00edtica detr\u00e1s de Morena y, esto es a\u00fan m\u00e1s loable, puesto que no cuentan con padrinos o gobiernos que patrocinen sus campa\u00f1as.<\/p>\n<p>&#8220;Complicado es siempre, pero nosotros estamos acostumbrados a ir de subida y en la adversidad, a nosotros nunca nos han regalado las cosas, las campa\u00f1as, no tenemos padrinos ni gobiernos que nos patrocinen. Afortunadamente en las elecciones locales municipales la gente conoce a las personas a los actores, es el caso de Alvarado, creo que la gente tiene una sensibilidad una percepci\u00f3n muy importante de lo que le conviene a su municipio y por eso vamos a construir aqu\u00ed con Bogar la fuerza naranja para Alvarado, y el basti\u00f3n naranja que queremos que se convierta este importante municipio&#8221;<\/p>\n<p>Con respecto a la violencia que se vive en Veracruz, asegur\u00f3 que no buscar\u00e1n darle una respaldo especial a los candidatos de Movimiento Ciudadano, sino que la prioridad ser\u00e1 buscar la tranquilidad, seguridad y atenci\u00f3n a los ciudadanos de la entidad, para que esto salgan a votar sin ning\u00fan temor y puedan elegir a sus pr\u00f3ximos alcaldes.<\/p>\n<p>&#8220;Que le dejen a las personas elegir en paz, al final del d\u00eda la gobernadora ya es gobernadora, la presidenta ya es presidenta, que le dejen elegir a la gente a sus presidentes municipales en paz, en libertad, que decidan las personas, y esa es la \u00fanica consideraci\u00f3n que nosotros hacemos, estamos confiados de que la gente va a salir a votar, la gente en Veracruz es muy avispada muy participativa, est\u00e1 siempre muy pendiente de los procesos pol\u00edticos, y estamos confiados de que va a haber una buena participaci\u00f3n y que vamos a salir bien&#8221;, remat\u00f3.<\/p>\n","protected":false},"excerpt":{"rendered":"<p>Alejandro \u00c1vila Alvarado, Ver.- El presidente nacional de Movimiento Ciudadano, Jorge \u00c1lvarez Maynez, mencion\u00f3 que el partido naranja est\u00e1 acostumbrado a ir cuesta arriba y a trabajar para lograr los triunfos en las contiendas electorales. Si bien reconoci\u00f3 que lograr triunfos en la entidad veracruzana es complicado, puntualiz\u00f3 que las encuestas ya los colocan como [&hellip;]<\/p>\n","protected":false},"author":2476,"featured_media":64905,"comment_status":"open","ping_status":"open","sticky":false,"template":"","format":"standard","meta":{"_jetpack_memberships_contains_paid_content":false,"footnotes":""},"categories":[2],"tags":[],"class_list":["post-64904","post","type-post","status-publish","format-standard","has-post-thumbnail","hentry","category-estado"],"jetpack_featured_media_url":"https:\/\/encuentroinformativo.com.mx\/wp-content\/uploads\/2025\/03\/IMG-20250319-WA0131.jpg","jetpack_sharing_enabled":true,"jetpack_likes_enabled":true,"amp_enabled":true,"_links":{"self":[{"href":"https:\/\/encuentroinformativo.com.mx\/index.php?rest_route=\/wp\/v2\/posts\/64904","targetHints":{"allow":["GET"]}}],"collection":[{"href":"https:\/\/encuentroinformativo.com.mx\/index.php?rest_route=\/wp\/v2\/posts"}],"about":[{"href":"https:\/\/encuentroinformativo.com.mx\/index.php?rest_route=\/wp\/v2\/types\/post"}],"author":[{"embeddable":true,"href":"https:\/\/encuentroinformativo.com.mx\/index.php?rest_route=\/wp\/v2\/users\/2476"}],"replies":[{"embeddable":true,"href":"https:\/\/encuentroinformativo.com.mx\/index.php?rest_route=%2Fwp%2Fv2%2Fcomments&post=64904"}],"version-history":[{"count":1,"href":"https:\/\/encuentroinformativo.com.mx\/index.php?rest_route=\/wp\/v2\/posts\/64904\/revisions"}],"predecessor-version":[{"id":64906,"href":"https:\/\/encuentroinformativo.com.mx\/index.php?rest_route=\/wp\/v2\/posts\/64904\/revisions\/64906"}],"wp:featuredmedia":[{"embeddable":true,"href":"https:\/\/encuentroinformativo.com.mx\/index.php?rest_route=\/wp\/v2\/media\/64905"}],"wp:attachment":[{"href":"https:\/\/encuentroinformativo.com.mx\/index.php?rest_route=%2Fwp%2Fv2%2Fmedia&parent=64904"}],"wp:term":[{"taxonomy":"category","embeddable":true,"href":"https:\/\/encuentroinformativo.com.mx\/index.php?rest_route=%2Fwp%2Fv2%2Fcategories&post=64904"},{"taxonomy":"post_tag","embeddable":true,"href":"https:\/\/encuentroinformativo.com.mx\/index.php?rest_route=%2Fwp%2Fv2%2Ftags&post=64904"}],"curies":[{"name":"wp","href":"https:\/\/api.w.org\/{rel}","templated":true}]}}