{"id":64925,"date":"2025-03-19T15:36:56","date_gmt":"2025-03-19T21:36:56","guid":{"rendered":"https:\/\/encuentroinformativo.com.mx\/?p=64925"},"modified":"2025-03-19T15:36:56","modified_gmt":"2025-03-19T21:36:56","slug":"ejidatarios-reclaman-pagos-pendientes-de-semarnat","status":"publish","type":"post","link":"https:\/\/encuentroinformativo.com.mx\/?p=64925","title":{"rendered":"Ejidatarios reclaman pagos pendientes de SEMARNAT"},"content":{"rendered":"<p><strong>Dar\u00edo Pale<\/strong><\/p>\n<p>Xalapa, Ver.- Con la finalidad de exigir la agilizaci\u00f3n de reembarques y remisiones forestales, as\u00ed como la autorizaci\u00f3n de los pagos destinados a la conservaci\u00f3n de los bosques, ejidatarios de distintas regiones del estado se manifestaron en la delegaci\u00f3n de la Secretar\u00eda de Medio Ambiente y Recursos Naturales (SEMARNAT).<\/p>\n<p>En entrevista los se\u00f1ores Rafael Bocardo y Filiberto Landa se\u00f1alaron que, el retraso de los diferentes tr\u00e1mites afecta a los ejidatarios, \u201cla verdad estamos aqu\u00ed porque ha tardado mucho la autorizaci\u00f3n de las remisiones forestales desde principio de a\u00f1o esta se\u00f1orita o se\u00f1ora, (la delegada de la SEMARNAT en Veracruz, Cristhely Lara Monteclaro), pues no ha autorizado, entonces por eso venimos con los productores para exigirle el por qu\u00e9 no han sido autorizados, tenemos documentaci\u00f3n que ya se va a vencer y que a la fecha, bueno, no tenemos una respuesta\u201d<\/p>\n<p>Dio a conocer que les preocupa mucho ya que son ejidos, y son peque\u00f1os propietarios donde generan muchos trabajos, los que derriban los \u00e1rboles, los que acarrean con yuntas, los que hacen fletes, por lo que los ejidatarios est\u00e1n desesperados ya que nunca les hab\u00eda pasado esto.<\/p>\n<p>\u201cLa verdad nos preocupa porque son ejidos, son peque\u00f1os propietarios, ah\u00ed entran muchos trabajos, desde derribos, desde trabajadores de yuntas, desde fleteros, todos esos trabajos para llegar a la industria, obviamente, pues los ejidos est\u00e1n desesperados ya porque nunca hab\u00eda sucedido esto, muchas, no te puedo decir, por ejemplo, las vigas son casi 500 ejidatarios, deben ser 500 aproximadamente, pues imag\u00ednate la cantidad, tienen un volumen grande, no me acuerdo, pero no hemos tenido respuesta y el ejido ese en s\u00ed ya se va a vencer su documentaci\u00f3n\u201d, coment\u00f3.<\/p>\n<p>Se\u00f1alaron que el retraso en los tr\u00e1mites afecta a miles de ejidatarios en municipios como Perote, Las Vigas, Acajete, Xico y Coatepec, lo que pone en riesgo la vigilancia de los bosques y podr\u00eda propiciar un aumento en los incendios forestales.<\/p>\n<p>Record\u00f3 que ya tienen 40 a\u00f1os de demostrar que han trabajado y ahora se ponen a hablar de que, \u201cvan a ponerse a imprimir las remisiones, antes la Secretar\u00eda nos otorgaba esa facultad de contratar una imprenta, hacer nuestras propias remisiones y entreg\u00e1bamos una copia a la Semarnat, una copia al productor y una copia incluso hasta a Profepa, para que vieran que no estaban duplicando las remisiones\u201d.<\/p>\n<p>Coment\u00f3 que esa puede ser una soluci\u00f3n que podr\u00edan implementar pero quieren tener todo el\u201dpoder\u201d ellos, es el motivo por el cual les piden un tr\u00e1mite y posteriormente cinco requerimientos en diferentes ventanillas todo eso se vuelve mucha burocracia y muchos no cuentan con la capacidad para solventar todo eso y les hablan de unos terminos que hasta la fecha desconocen.<\/p>\n<p>Dijo que la tala clandestina se ha incrementado en un 150 por ciento m\u00e1s, esto debido a que ya no pueden estar en los bosques debido a que no tienen recursos para moverse y cuidar de los parajes.<\/p>\n<p>\u201cPorque en un lado est\u00e1 la poblaci\u00f3n, en otro lado est\u00e1n las \u00e1reas agr\u00edcolas y los bosques est\u00e1n en los terrenos m\u00e1s dif\u00edciles de acceso, al final de cuentas, eso es lo que nos lleva a descuidar un poco, el que va a robar, obviamente que hemos dejado los mejores ejemplares, bien cuidados, \u00bfY qu\u00e9 pasa que el que va a robar? Pues se roba lo mejor, lo que hay a la mano y f\u00e1cil, es lo que se lo est\u00e1 llevando, entonces a nosotros, como productores, \u00bfqu\u00e9 garant\u00eda tenemos?\u201d, acus\u00f3.<\/p>\n<p>Finalmente inform\u00f3 que si presentan la denuncia los de la PROFEPA hacen la inspecci\u00f3n y el culpable es el due\u00f1o porque no cuido el terreno, pero c\u00f3mo lo van a hacer sin recursos, \u201csi pudiera alg\u00fan otro organismo que nos pudiera apoyar en esto, pues ser\u00eda lo m\u00e1s, creo yo, pues viable, \u00bfno?, y les podemos demostrar, cuantas veces quieran ir al cofre, son ejidos que se han saneado\u201d.<\/p>\n<p><img loading=\"lazy\" decoding=\"async\" class=\"alignnone size-medium wp-image-64927\" src=\"https:\/\/encuentroinformativo.com.mx\/wp-content\/uploads\/2025\/03\/IMG-20250319-WA02232-300x162.jpg\" alt=\"\" width=\"300\" height=\"162\" srcset=\"https:\/\/encuentroinformativo.com.mx\/wp-content\/uploads\/2025\/03\/IMG-20250319-WA02232-300x162.jpg 300w, https:\/\/encuentroinformativo.com.mx\/wp-content\/uploads\/2025\/03\/IMG-20250319-WA02232-1024x553.jpg 1024w, https:\/\/encuentroinformativo.com.mx\/wp-content\/uploads\/2025\/03\/IMG-20250319-WA02232-768x415.jpg 768w, https:\/\/encuentroinformativo.com.mx\/wp-content\/uploads\/2025\/03\/IMG-20250319-WA02232.jpg 1148w\" sizes=\"auto, (max-width: 300px) 100vw, 300px\" \/><\/p>\n","protected":false},"excerpt":{"rendered":"<p>Dar\u00edo Pale Xalapa, Ver.- Con la finalidad de exigir la agilizaci\u00f3n de reembarques y remisiones forestales, as\u00ed como la autorizaci\u00f3n de los pagos destinados a la conservaci\u00f3n de los bosques, ejidatarios de distintas regiones del estado se manifestaron en la delegaci\u00f3n de la Secretar\u00eda de Medio Ambiente y Recursos Naturales (SEMARNAT). En entrevista los se\u00f1ores [&hellip;]<\/p>\n","protected":false},"author":2476,"featured_media":64926,"comment_status":"open","ping_status":"open","sticky":false,"template":"","format":"standard","meta":{"_jetpack_memberships_contains_paid_content":false,"footnotes":""},"categories":[2],"tags":[],"class_list":["post-64925","post","type-post","status-publish","format-standard","has-post-thumbnail","hentry","category-estado"],"jetpack_featured_media_url":"https:\/\/encuentroinformativo.com.mx\/wp-content\/uploads\/2025\/03\/IMG-20250319-WA0221.jpg","jetpack_sharing_enabled":true,"jetpack_likes_enabled":true,"amp_enabled":true,"_links":{"self":[{"href":"https:\/\/encuentroinformativo.com.mx\/index.php?rest_route=\/wp\/v2\/posts\/64925","targetHints":{"allow":["GET"]}}],"collection":[{"href":"https:\/\/encuentroinformativo.com.mx\/index.php?rest_route=\/wp\/v2\/posts"}],"about":[{"href":"https:\/\/encuentroinformativo.com.mx\/index.php?rest_route=\/wp\/v2\/types\/post"}],"author":[{"embeddable":true,"href":"https:\/\/encuentroinformativo.com.mx\/index.php?rest_route=\/wp\/v2\/users\/2476"}],"replies":[{"embeddable":true,"href":"https:\/\/encuentroinformativo.com.mx\/index.php?rest_route=%2Fwp%2Fv2%2Fcomments&post=64925"}],"version-history":[{"count":1,"href":"https:\/\/encuentroinformativo.com.mx\/index.php?rest_route=\/wp\/v2\/posts\/64925\/revisions"}],"predecessor-version":[{"id":64928,"href":"https:\/\/encuentroinformativo.com.mx\/index.php?rest_route=\/wp\/v2\/posts\/64925\/revisions\/64928"}],"wp:featuredmedia":[{"embeddable":true,"href":"https:\/\/encuentroinformativo.com.mx\/index.php?rest_route=\/wp\/v2\/media\/64926"}],"wp:attachment":[{"href":"https:\/\/encuentroinformativo.com.mx\/index.php?rest_route=%2Fwp%2Fv2%2Fmedia&parent=64925"}],"wp:term":[{"taxonomy":"category","embeddable":true,"href":"https:\/\/encuentroinformativo.com.mx\/index.php?rest_route=%2Fwp%2Fv2%2Fcategories&post=64925"},{"taxonomy":"post_tag","embeddable":true,"href":"https:\/\/encuentroinformativo.com.mx\/index.php?rest_route=%2Fwp%2Fv2%2Ftags&post=64925"}],"curies":[{"name":"wp","href":"https:\/\/api.w.org\/{rel}","templated":true}]}}