{"id":64933,"date":"2025-03-20T11:21:00","date_gmt":"2025-03-20T17:21:00","guid":{"rendered":"https:\/\/encuentroinformativo.com.mx\/?p=64933"},"modified":"2025-03-20T11:21:00","modified_gmt":"2025-03-20T17:21:00","slug":"reclaman-vecinos-abasto-de-agua-en-colonias-xalapenas","status":"publish","type":"post","link":"https:\/\/encuentroinformativo.com.mx\/?p=64933","title":{"rendered":"Reclaman vecinos abasto de agua en colonias xalape\u00f1as"},"content":{"rendered":"<p><strong>Dar\u00edo Pale<\/strong><\/p>\n<p>Xalapa, Ver.- Vecinos de diferentes colonias de Xalapa se manifestaron la ma\u00f1ana de este jueves porque pasan de 8 a 15 d\u00edas sin agua, y solo los apoyan con una pipa de agua lo cual no es suficiente.<\/p>\n<p>Entrevistada durante la manifestaci\u00f3n la se\u00f1ora Mirna Contreras una de las vecinas afectadas dio a conocer que, &#8220;no tenemos agua en la red. Nos mandan una pipa para llenar un tinaquito cada 15 d\u00edas&#8230;no vamos al trabajo por estar esperando la pipa&#8221;.<\/p>\n<p>Pidieron que cuando se les suministre el agua sea con buena presi\u00f3n para que llegue a las zonas altas y por lo menos sea durante 24 horas.<\/p>\n<p>&#8220;Lo que queremos es que haya agua suficiente en la red para que todos llenen sus tinacos&#8221; a\u00f1adi\u00f3.<\/p>\n<p>Los vecinos, representantes de diez calles de esta colonia como Matamoros, Miguel Barrag\u00e1n, 5 de Mayo, 16 de Septiembre, entre otras pidieron la intervenci\u00f3n de las autoridades municipales, especialmente de la Comisi\u00f3n Municipal de Agua y Saneamiento (CMAS).<\/p>\n<p>Finamente se\u00f1al\u00f3 que, \u201clo \u00fanico que pedimos es que nos apoyen con el agua, porque ya hace m\u00e1s de 15, 20 d\u00edas que no tenemos ni gota de agua, pues s\u00ed, necesitamos el l\u00edquido vital, o sea, no exigimos que nos lo dejen d\u00eda y noche\u201d.<\/p>\n","protected":false},"excerpt":{"rendered":"<p>Dar\u00edo Pale Xalapa, Ver.- Vecinos de diferentes colonias de Xalapa se manifestaron la ma\u00f1ana de este jueves porque pasan de 8 a 15 d\u00edas sin agua, y solo los apoyan con una pipa de agua lo cual no es suficiente. Entrevistada durante la manifestaci\u00f3n la se\u00f1ora Mirna Contreras una de las vecinas afectadas dio a [&hellip;]<\/p>\n","protected":false},"author":2476,"featured_media":64934,"comment_status":"open","ping_status":"open","sticky":false,"template":"","format":"standard","meta":{"_jetpack_memberships_contains_paid_content":false,"footnotes":""},"categories":[3],"tags":[],"class_list":["post-64933","post","type-post","status-publish","format-standard","has-post-thumbnail","hentry","category-xalapa"],"jetpack_featured_media_url":"https:\/\/encuentroinformativo.com.mx\/wp-content\/uploads\/2025\/03\/IMG-20250320-WA0071.jpg","jetpack_sharing_enabled":true,"jetpack_likes_enabled":true,"amp_enabled":true,"_links":{"self":[{"href":"https:\/\/encuentroinformativo.com.mx\/index.php?rest_route=\/wp\/v2\/posts\/64933","targetHints":{"allow":["GET"]}}],"collection":[{"href":"https:\/\/encuentroinformativo.com.mx\/index.php?rest_route=\/wp\/v2\/posts"}],"about":[{"href":"https:\/\/encuentroinformativo.com.mx\/index.php?rest_route=\/wp\/v2\/types\/post"}],"author":[{"embeddable":true,"href":"https:\/\/encuentroinformativo.com.mx\/index.php?rest_route=\/wp\/v2\/users\/2476"}],"replies":[{"embeddable":true,"href":"https:\/\/encuentroinformativo.com.mx\/index.php?rest_route=%2Fwp%2Fv2%2Fcomments&post=64933"}],"version-history":[{"count":1,"href":"https:\/\/encuentroinformativo.com.mx\/index.php?rest_route=\/wp\/v2\/posts\/64933\/revisions"}],"predecessor-version":[{"id":64935,"href":"https:\/\/encuentroinformativo.com.mx\/index.php?rest_route=\/wp\/v2\/posts\/64933\/revisions\/64935"}],"wp:featuredmedia":[{"embeddable":true,"href":"https:\/\/encuentroinformativo.com.mx\/index.php?rest_route=\/wp\/v2\/media\/64934"}],"wp:attachment":[{"href":"https:\/\/encuentroinformativo.com.mx\/index.php?rest_route=%2Fwp%2Fv2%2Fmedia&parent=64933"}],"wp:term":[{"taxonomy":"category","embeddable":true,"href":"https:\/\/encuentroinformativo.com.mx\/index.php?rest_route=%2Fwp%2Fv2%2Fcategories&post=64933"},{"taxonomy":"post_tag","embeddable":true,"href":"https:\/\/encuentroinformativo.com.mx\/index.php?rest_route=%2Fwp%2Fv2%2Ftags&post=64933"}],"curies":[{"name":"wp","href":"https:\/\/api.w.org\/{rel}","templated":true}]}}