{"id":64941,"date":"2025-03-20T12:43:32","date_gmt":"2025-03-20T18:43:32","guid":{"rendered":"https:\/\/encuentroinformativo.com.mx\/?p=64941"},"modified":"2025-03-20T12:44:08","modified_gmt":"2025-03-20T18:44:08","slug":"veracruzano-jose-manuel-urreta-presidente-nacional-de-cameintram","status":"publish","type":"post","link":"https:\/\/encuentroinformativo.com.mx\/?p=64941","title":{"rendered":"Veracruzano, Jos\u00e9 Manuel Urreta, presidente nacional de CAMEINTRAM"},"content":{"rendered":"<p><strong>Alejandro \u00c1vila<\/strong><\/p>\n<p>Veracruz, Ver.- El pasado 20 de marzo de 2025 se llev\u00f3 a cabo la renovaci\u00f3n y designaci\u00f3n de los miembros del Consejo Nacional Directivo para el ejercicio 2025, donde por unanimidad de los miembros de la Asamblea, rindi\u00f3 protesta como presidente de la C\u00e1mara Mexicana de la Industria del Transporte Mar\u00edtimo, Jos\u00e9 Manuel Urreta Ortega, para el periodo 2025 &#8211; 2026, el evento fue presidido por Ra\u00fal T\u00e9llez Villagra y Felio Mirabent Amor, presidente y secretario salientes, respectivamente.<\/p>\n<p>Al asumir el cargo, Jos\u00e9 Manuel Urreta Ortega reiter\u00f3 su compromiso de trabajar en favor de la Marina Mercante Mexicana y los puertos mexicanos, indic\u00f3 que la nueva configuraci\u00f3n productiva y comercial internacional exige aprovechar todas las oportunidades y ventajas mexicanas en una era de relocalizaci\u00f3n de mercados, donde nuestro intercambio productivo y comercial con otras naciones sea una prioridad y construir relaciones m\u00e1s solidas con mercados como los asi\u00e1ticos, europeos o de Am\u00e9rica Latina.<\/p>\n<p>Adem\u00e1s, hizo menci\u00f3n de su plan de trabajo donde seguir\u00e1 posicionando<br \/>\na la CAMEINTRAM como el organismo empresarial m\u00e1s representativo del sector mar\u00edtimo en M\u00e9xico.<\/p>\n","protected":false},"excerpt":{"rendered":"<p>Alejandro \u00c1vila Veracruz, Ver.- El pasado 20 de marzo de 2025 se llev\u00f3 a cabo la renovaci\u00f3n y designaci\u00f3n de los miembros del Consejo Nacional Directivo para el ejercicio 2025, donde por unanimidad de los miembros de la Asamblea, rindi\u00f3 protesta como presidente de la C\u00e1mara Mexicana de la Industria del Transporte Mar\u00edtimo, Jos\u00e9 Manuel [&hellip;]<\/p>\n","protected":false},"author":2476,"featured_media":64942,"comment_status":"open","ping_status":"open","sticky":false,"template":"","format":"standard","meta":{"_jetpack_memberships_contains_paid_content":false,"footnotes":""},"categories":[2,12],"tags":[],"class_list":["post-64941","post","type-post","status-publish","format-standard","has-post-thumbnail","hentry","category-estado","category-nacional"],"jetpack_featured_media_url":"https:\/\/encuentroinformativo.com.mx\/wp-content\/uploads\/2025\/03\/IMG-20250320-WA0109.jpg","jetpack_sharing_enabled":true,"jetpack_likes_enabled":true,"amp_enabled":true,"_links":{"self":[{"href":"https:\/\/encuentroinformativo.com.mx\/index.php?rest_route=\/wp\/v2\/posts\/64941","targetHints":{"allow":["GET"]}}],"collection":[{"href":"https:\/\/encuentroinformativo.com.mx\/index.php?rest_route=\/wp\/v2\/posts"}],"about":[{"href":"https:\/\/encuentroinformativo.com.mx\/index.php?rest_route=\/wp\/v2\/types\/post"}],"author":[{"embeddable":true,"href":"https:\/\/encuentroinformativo.com.mx\/index.php?rest_route=\/wp\/v2\/users\/2476"}],"replies":[{"embeddable":true,"href":"https:\/\/encuentroinformativo.com.mx\/index.php?rest_route=%2Fwp%2Fv2%2Fcomments&post=64941"}],"version-history":[{"count":2,"href":"https:\/\/encuentroinformativo.com.mx\/index.php?rest_route=\/wp\/v2\/posts\/64941\/revisions"}],"predecessor-version":[{"id":64944,"href":"https:\/\/encuentroinformativo.com.mx\/index.php?rest_route=\/wp\/v2\/posts\/64941\/revisions\/64944"}],"wp:featuredmedia":[{"embeddable":true,"href":"https:\/\/encuentroinformativo.com.mx\/index.php?rest_route=\/wp\/v2\/media\/64942"}],"wp:attachment":[{"href":"https:\/\/encuentroinformativo.com.mx\/index.php?rest_route=%2Fwp%2Fv2%2Fmedia&parent=64941"}],"wp:term":[{"taxonomy":"category","embeddable":true,"href":"https:\/\/encuentroinformativo.com.mx\/index.php?rest_route=%2Fwp%2Fv2%2Fcategories&post=64941"},{"taxonomy":"post_tag","embeddable":true,"href":"https:\/\/encuentroinformativo.com.mx\/index.php?rest_route=%2Fwp%2Fv2%2Ftags&post=64941"}],"curies":[{"name":"wp","href":"https:\/\/api.w.org\/{rel}","templated":true}]}}