{"id":64948,"date":"2025-03-20T13:12:51","date_gmt":"2025-03-20T19:12:51","guid":{"rendered":"https:\/\/encuentroinformativo.com.mx\/?p=64948"},"modified":"2025-03-20T13:12:51","modified_gmt":"2025-03-20T19:12:51","slug":"se-frustra-concierto-de-mana-para-carnaval-de-veracruz-2025","status":"publish","type":"post","link":"https:\/\/encuentroinformativo.com.mx\/?p=64948","title":{"rendered":"Se frustra concierto de Man\u00e1 para Carnaval de Veracruz 2025"},"content":{"rendered":"<p><strong>Alejandro \u00c1vila<\/strong><\/p>\n<p>Veracruz, Ver.- Debido a problemas de log\u00edstica y a no poder cuadrar las fechas, la agrupaci\u00f3n tapat\u00eda Man\u00e1, no se podr\u00e1 presentar en el Carnaval de Veracruz 2025.<\/p>\n<p>La idea de la alcaldesa, Patricia Lobeira Rodr\u00edguez, era cerrar su administraci\u00f3n con un concierto de talla internacional, por lo que se contact\u00f3 con los representantes de la banda Man\u00e1, quien recientemente ha sido nominada al Sal\u00f3n de la Fama del Rock &amp; Roll; sin embargo, a pesar del preacuerdo de palabra nunca pudieron cuadrar una fecha para su presentaci\u00f3n, por lo que todo se vino abajo el pasado fin de semana.<\/p>\n<p>Los otros artistas que se tienen previsto presentarse en el Carnaval de Veracruz 2025 son, el dominicano, Juan Luis Guerra; el colombiano, Manuel Turizo; y para cerrar, un Festival de Salsa o Cumbia, con varios representantes del g\u00e9nero musical que finalmente se decida.<\/p>\n<p>Hasta la primer quincena del mes de marzo a\u00fan no se ha tenido una respuesta de la secretaria de Turismo, Dulce Mar\u00eda &#8220;Nena&#8221; de la Reguera, sobre si apoyar\u00e1 el Gobierno del Estado con un artista extra para presentarse en el Carnaval de Veracruz.<\/p>\n","protected":false},"excerpt":{"rendered":"<p>Alejandro \u00c1vila Veracruz, Ver.- Debido a problemas de log\u00edstica y a no poder cuadrar las fechas, la agrupaci\u00f3n tapat\u00eda Man\u00e1, no se podr\u00e1 presentar en el Carnaval de Veracruz 2025. La idea de la alcaldesa, Patricia Lobeira Rodr\u00edguez, era cerrar su administraci\u00f3n con un concierto de talla internacional, por lo que se contact\u00f3 con los [&hellip;]<\/p>\n","protected":false},"author":2476,"featured_media":64949,"comment_status":"open","ping_status":"open","sticky":false,"template":"","format":"standard","meta":{"_jetpack_memberships_contains_paid_content":false,"footnotes":""},"categories":[2],"tags":[],"class_list":["post-64948","post","type-post","status-publish","format-standard","has-post-thumbnail","hentry","category-estado"],"jetpack_featured_media_url":"https:\/\/encuentroinformativo.com.mx\/wp-content\/uploads\/2025\/03\/IMG-20250320-WA01462.jpg","jetpack_sharing_enabled":true,"jetpack_likes_enabled":true,"amp_enabled":true,"_links":{"self":[{"href":"https:\/\/encuentroinformativo.com.mx\/index.php?rest_route=\/wp\/v2\/posts\/64948","targetHints":{"allow":["GET"]}}],"collection":[{"href":"https:\/\/encuentroinformativo.com.mx\/index.php?rest_route=\/wp\/v2\/posts"}],"about":[{"href":"https:\/\/encuentroinformativo.com.mx\/index.php?rest_route=\/wp\/v2\/types\/post"}],"author":[{"embeddable":true,"href":"https:\/\/encuentroinformativo.com.mx\/index.php?rest_route=\/wp\/v2\/users\/2476"}],"replies":[{"embeddable":true,"href":"https:\/\/encuentroinformativo.com.mx\/index.php?rest_route=%2Fwp%2Fv2%2Fcomments&post=64948"}],"version-history":[{"count":2,"href":"https:\/\/encuentroinformativo.com.mx\/index.php?rest_route=\/wp\/v2\/posts\/64948\/revisions"}],"predecessor-version":[{"id":64951,"href":"https:\/\/encuentroinformativo.com.mx\/index.php?rest_route=\/wp\/v2\/posts\/64948\/revisions\/64951"}],"wp:featuredmedia":[{"embeddable":true,"href":"https:\/\/encuentroinformativo.com.mx\/index.php?rest_route=\/wp\/v2\/media\/64949"}],"wp:attachment":[{"href":"https:\/\/encuentroinformativo.com.mx\/index.php?rest_route=%2Fwp%2Fv2%2Fmedia&parent=64948"}],"wp:term":[{"taxonomy":"category","embeddable":true,"href":"https:\/\/encuentroinformativo.com.mx\/index.php?rest_route=%2Fwp%2Fv2%2Fcategories&post=64948"},{"taxonomy":"post_tag","embeddable":true,"href":"https:\/\/encuentroinformativo.com.mx\/index.php?rest_route=%2Fwp%2Fv2%2Ftags&post=64948"}],"curies":[{"name":"wp","href":"https:\/\/api.w.org\/{rel}","templated":true}]}}