{"id":64960,"date":"2025-03-20T14:52:55","date_gmt":"2025-03-20T20:52:55","guid":{"rendered":"https:\/\/encuentroinformativo.com.mx\/?p=64960"},"modified":"2025-03-20T14:52:55","modified_gmt":"2025-03-20T20:52:55","slug":"acusan-que-agua-contaminada-en-coatepec-ocasiona-enfermedades","status":"publish","type":"post","link":"https:\/\/encuentroinformativo.com.mx\/?p=64960","title":{"rendered":"Acusan que agua contaminada en Coatepec ocasiona enfermedades"},"content":{"rendered":"<p><strong>Dar\u00edo Pale<\/strong><\/p>\n<p>Xalapa, Ver.- Una escuela Primaria de la comunidad de Cinco Palos del municipio de Coatepec cerr\u00f3 sus puertas debido a que los ni\u00f1os ten\u00edan \u00edndices de c\u00e1ncer ya que unos empresarios han sembrado papa a los alrededores con agrot\u00f3xicos, lo que contamin\u00f3 los manantiales de agua.<\/p>\n<p>En conferencia de prensa se\u00f1alaron que el desarrollo urbano es pr\u00e1cticamente lo que m\u00e1s ha afectado, al igual que la deforestaci\u00f3n, pero algo que les preocupa m\u00e1s es que ha habido una serie de empresarios que han sembrado papa a los alrededores con agrot\u00f3xicos, es algo que les preocupa mucho porque son manantiales que alimentan a Xalapa.<\/p>\n<p>\u201cLo cual est\u00e1 haciendo incluso que las vacas abortan y que los animalitos de los vecinos lleguen a estos lugares y precisamente se mueran, pues imaginen si eso sucede, lo que pasa tambi\u00e9n con esos productos que nosotros consumimos y c\u00f3mo envenenan a la tierra\u201d, se\u00f1al\u00f3.<\/p>\n<p>\u201cEntonces aqu\u00ed lo que estamos tratando de hacer es hacer conciencia sobre esto y hacer regulaciones y que las autoridades correspondientes no permitan este tipo de siembra de agrot\u00f3xicos y en este sentido ya cerr\u00f3 una escuela, rumbo a Cinco Palos, porque ten\u00eda \u00edndices de c\u00e1ncer en los ni\u00f1os, esto es aqu\u00ed a la vuelta de nosotros\u201d, agreg\u00f3.<\/p>\n<p>Adem\u00e1s la deforestaci\u00f3n les preocupa much\u00edsimo, porque son los manantiales que alimentan a Xalapa.<\/p>\n<p>\u201cActivistas, cient\u00edficos, investigadores, empresarios, todos unidos para cobijar al Bosque Niebla para su conservaci\u00f3n y todas las propuestas que sean a favor de esto tambi\u00e9n son cobijadas por el movimiento MIXTLI\u201d, inform\u00f3.<\/p>\n<p>Marchar\u00e1n por Bosque de Niebla<\/p>\n<p>En otro orden de ideas dio a conocer que este pr\u00f3ximo domingo, en el marco de la primavera, 23 de marzo, a las 10 y media en punto, convocaron para una marcha por el bosque de niebla en el INECOL.<\/p>\n<p>Tambi\u00e9n son el 50 aniversario del INECOL y el movimiento MIXTLI que est\u00e1 a favor de la conservaci\u00f3n del bosque de niebla y evidentemente a favor de la conservaci\u00f3n de todas las \u00e1reas verdes y naturales de Jalapa.<\/p>\n<p>\u201cEstamos preocupados por la disminuci\u00f3n de especies, de aves, de agua y de todo lo que representa este ecosistema, y bueno en esa din\u00e1mica lo que propusimos muchas asociaciones unidas que van desde artistas, pero en esta ocasi\u00f3n el festival tiene muchas actividades importantes que proponer\u201d, dijo en la conferencia.<\/p>\n<p>Finalmente se\u00f1al\u00f3, \u201cla contaminaci\u00f3n que tanto ha afectado al bosque la tierra, en la cuesti\u00f3n del bosque de niebla, el bosque de niebla es el ecosistema m\u00e1s amenazado en M\u00e9xico y tambi\u00e9n peligra mundialmente, est\u00e1, digamos, en un punto de extinci\u00f3n, y con ello, bueno, con el cambio clim\u00e1tico, con todo lo que est\u00e1 sucediendo ahorita, que todo lo podemos ver.<\/p>\n","protected":false},"excerpt":{"rendered":"<p>Dar\u00edo Pale Xalapa, Ver.- Una escuela Primaria de la comunidad de Cinco Palos del municipio de Coatepec cerr\u00f3 sus puertas debido a que los ni\u00f1os ten\u00edan \u00edndices de c\u00e1ncer ya que unos empresarios han sembrado papa a los alrededores con agrot\u00f3xicos, lo que contamin\u00f3 los manantiales de agua. En conferencia de prensa se\u00f1alaron que el [&hellip;]<\/p>\n","protected":false},"author":2476,"featured_media":3742,"comment_status":"open","ping_status":"open","sticky":false,"template":"","format":"standard","meta":{"_jetpack_memberships_contains_paid_content":false,"footnotes":""},"categories":[8],"tags":[],"class_list":["post-64960","post","type-post","status-publish","format-standard","has-post-thumbnail","hentry","category-region"],"jetpack_featured_media_url":"https:\/\/encuentroinformativo.com.mx\/wp-content\/uploads\/2020\/06\/33858202-2421-46DD-8E79-AE565E7D4D1B.jpeg","jetpack_sharing_enabled":true,"jetpack_likes_enabled":true,"amp_enabled":true,"_links":{"self":[{"href":"https:\/\/encuentroinformativo.com.mx\/index.php?rest_route=\/wp\/v2\/posts\/64960","targetHints":{"allow":["GET"]}}],"collection":[{"href":"https:\/\/encuentroinformativo.com.mx\/index.php?rest_route=\/wp\/v2\/posts"}],"about":[{"href":"https:\/\/encuentroinformativo.com.mx\/index.php?rest_route=\/wp\/v2\/types\/post"}],"author":[{"embeddable":true,"href":"https:\/\/encuentroinformativo.com.mx\/index.php?rest_route=\/wp\/v2\/users\/2476"}],"replies":[{"embeddable":true,"href":"https:\/\/encuentroinformativo.com.mx\/index.php?rest_route=%2Fwp%2Fv2%2Fcomments&post=64960"}],"version-history":[{"count":1,"href":"https:\/\/encuentroinformativo.com.mx\/index.php?rest_route=\/wp\/v2\/posts\/64960\/revisions"}],"predecessor-version":[{"id":64961,"href":"https:\/\/encuentroinformativo.com.mx\/index.php?rest_route=\/wp\/v2\/posts\/64960\/revisions\/64961"}],"wp:featuredmedia":[{"embeddable":true,"href":"https:\/\/encuentroinformativo.com.mx\/index.php?rest_route=\/wp\/v2\/media\/3742"}],"wp:attachment":[{"href":"https:\/\/encuentroinformativo.com.mx\/index.php?rest_route=%2Fwp%2Fv2%2Fmedia&parent=64960"}],"wp:term":[{"taxonomy":"category","embeddable":true,"href":"https:\/\/encuentroinformativo.com.mx\/index.php?rest_route=%2Fwp%2Fv2%2Fcategories&post=64960"},{"taxonomy":"post_tag","embeddable":true,"href":"https:\/\/encuentroinformativo.com.mx\/index.php?rest_route=%2Fwp%2Fv2%2Ftags&post=64960"}],"curies":[{"name":"wp","href":"https:\/\/api.w.org\/{rel}","templated":true}]}}