{"id":64962,"date":"2025-03-20T15:21:49","date_gmt":"2025-03-20T21:21:49","guid":{"rendered":"https:\/\/encuentroinformativo.com.mx\/?p=64962"},"modified":"2025-03-20T15:21:49","modified_gmt":"2025-03-20T21:21:49","slug":"reclaman-pago-de-laudos-ex-trabajadores-del-ingenio-san-nicolas","status":"publish","type":"post","link":"https:\/\/encuentroinformativo.com.mx\/?p=64962","title":{"rendered":"Reclaman pago de laudos ex trabajadores del ingenio San Nicol\u00e1s"},"content":{"rendered":"<p><strong>Dar\u00edo Pale<\/strong><\/p>\n<p>Xalapa, Ver.- Extrabajadores del ingenio San Nicol\u00e1s exigen ejecuci\u00f3n de laudo por m\u00e1s de 4.5 mdp, por lo cual se manifestaron y cerraron la calle Enr\u00edquez para se\u00f1alar que el titular de la Junta local de Conciliaci\u00f3n no quiere ejecutar la orden de pago contra el ingenio.<\/p>\n<p>Entrevistados durante la manifestaci\u00f3n Sergio Meza representante del Juicio Laboral 1087\/2014 se\u00f1al\u00f3 que protestaron el mediod\u00eda de este jueves, para exigir que les paguen el laudo correspondiente por el despido ocurrido desde el 2011 y que ya fallaron a favor de los extrabajadores del ingenio San Nicol\u00e1s, ubicado en el municipio de Cuichapa,<\/p>\n<p>El fallo por parte de la autoridad laboral es por m\u00e1s de 4.5 millones de pesos, pero s\u00f3lo les dan largas, por eso quieren que la gobernadora Roc\u00edo Nahle Garc\u00eda, los apoye o intervenga el secretario del Trabajo, Luis Arturo Santiago Mart\u00ednez, para que les faciliten las cosas.<\/p>\n<p>Los manifestantes dijeron que el laudo se gan\u00f3 hace 4 a\u00f1os, pero el titular de la Junta Local se niega a ejecutar la orden de pago.<\/p>\n<p>Los inconformes expusieron que el presidente de la Junta Local 22 de Conciliaci\u00f3n y Arbitraje, Jonathan Cort\u00e9s Vargas se niega a pagarles.<\/p>\n<p>En total son 14 extrabajadores del ingenio, quienes estaban adheridos a la CROM y aseguraron que dicha organizaci\u00f3n sindical fue la que gener\u00f3 los despidos.<\/p>\n<p>Finalmente dieron a conocer que el presidente de la Junta Local les prometi\u00f3 que les resolver\u00eda el problema en 10 d\u00edas, pero ya pasaron y no les pagan.<\/p>\n<p><img loading=\"lazy\" decoding=\"async\" class=\"alignnone size-medium wp-image-64964\" src=\"https:\/\/encuentroinformativo.com.mx\/wp-content\/uploads\/2025\/03\/IMG-20250320-WA02452-300x196.jpg\" alt=\"\" width=\"300\" height=\"196\" srcset=\"https:\/\/encuentroinformativo.com.mx\/wp-content\/uploads\/2025\/03\/IMG-20250320-WA02452-300x196.jpg 300w, https:\/\/encuentroinformativo.com.mx\/wp-content\/uploads\/2025\/03\/IMG-20250320-WA02452-768x502.jpg 768w, https:\/\/encuentroinformativo.com.mx\/wp-content\/uploads\/2025\/03\/IMG-20250320-WA02452.jpg 907w\" sizes=\"auto, (max-width: 300px) 100vw, 300px\" \/><\/p>\n","protected":false},"excerpt":{"rendered":"<p>Dar\u00edo Pale Xalapa, Ver.- Extrabajadores del ingenio San Nicol\u00e1s exigen ejecuci\u00f3n de laudo por m\u00e1s de 4.5 mdp, por lo cual se manifestaron y cerraron la calle Enr\u00edquez para se\u00f1alar que el titular de la Junta local de Conciliaci\u00f3n no quiere ejecutar la orden de pago contra el ingenio. Entrevistados durante la manifestaci\u00f3n Sergio Meza [&hellip;]<\/p>\n","protected":false},"author":2476,"featured_media":64963,"comment_status":"open","ping_status":"open","sticky":false,"template":"","format":"standard","meta":{"_jetpack_memberships_contains_paid_content":false,"footnotes":""},"categories":[2],"tags":[],"class_list":["post-64962","post","type-post","status-publish","format-standard","has-post-thumbnail","hentry","category-estado"],"jetpack_featured_media_url":"https:\/\/encuentroinformativo.com.mx\/wp-content\/uploads\/2025\/03\/IMG-20250320-WA0246.jpg","jetpack_sharing_enabled":true,"jetpack_likes_enabled":true,"amp_enabled":true,"_links":{"self":[{"href":"https:\/\/encuentroinformativo.com.mx\/index.php?rest_route=\/wp\/v2\/posts\/64962","targetHints":{"allow":["GET"]}}],"collection":[{"href":"https:\/\/encuentroinformativo.com.mx\/index.php?rest_route=\/wp\/v2\/posts"}],"about":[{"href":"https:\/\/encuentroinformativo.com.mx\/index.php?rest_route=\/wp\/v2\/types\/post"}],"author":[{"embeddable":true,"href":"https:\/\/encuentroinformativo.com.mx\/index.php?rest_route=\/wp\/v2\/users\/2476"}],"replies":[{"embeddable":true,"href":"https:\/\/encuentroinformativo.com.mx\/index.php?rest_route=%2Fwp%2Fv2%2Fcomments&post=64962"}],"version-history":[{"count":1,"href":"https:\/\/encuentroinformativo.com.mx\/index.php?rest_route=\/wp\/v2\/posts\/64962\/revisions"}],"predecessor-version":[{"id":64965,"href":"https:\/\/encuentroinformativo.com.mx\/index.php?rest_route=\/wp\/v2\/posts\/64962\/revisions\/64965"}],"wp:featuredmedia":[{"embeddable":true,"href":"https:\/\/encuentroinformativo.com.mx\/index.php?rest_route=\/wp\/v2\/media\/64963"}],"wp:attachment":[{"href":"https:\/\/encuentroinformativo.com.mx\/index.php?rest_route=%2Fwp%2Fv2%2Fmedia&parent=64962"}],"wp:term":[{"taxonomy":"category","embeddable":true,"href":"https:\/\/encuentroinformativo.com.mx\/index.php?rest_route=%2Fwp%2Fv2%2Fcategories&post=64962"},{"taxonomy":"post_tag","embeddable":true,"href":"https:\/\/encuentroinformativo.com.mx\/index.php?rest_route=%2Fwp%2Fv2%2Ftags&post=64962"}],"curies":[{"name":"wp","href":"https:\/\/api.w.org\/{rel}","templated":true}]}}