{"id":64966,"date":"2025-03-20T18:59:57","date_gmt":"2025-03-21T00:59:57","guid":{"rendered":"https:\/\/encuentroinformativo.com.mx\/?p=64966"},"modified":"2025-03-20T18:59:57","modified_gmt":"2025-03-21T00:59:57","slug":"rescatan-mono-aullador-herido-en-cosoleacaque","status":"publish","type":"post","link":"https:\/\/encuentroinformativo.com.mx\/?p=64966","title":{"rendered":"Rescatan mono aullador herido en Cosoleacaque"},"content":{"rendered":"<p><strong>Jos\u00e9 Vargas<\/strong><\/p>\n<p>Cosoleacaque, Ver.- Elementos de Bomberos y Protecci\u00f3n Civil de Cosoleacaque realizaron el rescate de un ejemplar de mono aullador que se encontraba herido en una zona rural del municipio.<\/p>\n<p>El reporte ciudadano alert\u00f3 sobre la presencia del primate en la comunidad de Loma de Camalotal, donde fue localizado en la zona de rodamiento con aparentes lesiones.<\/p>\n<p>De inmediato, personal al mando de Luis Blanco Virgen acudi\u00f3 al lugar para poner a salvo al animal.<\/p>\n<p>Tras el rescate, el mono aullador, una hembra, fue trasladado a la cl\u00ednica del m\u00e9dico veterinario Takami, donde recibi\u00f3 atenci\u00f3n especializada.<\/p>\n<p>Durante la valoraci\u00f3n, se determin\u00f3 que presentaba una infecci\u00f3n por heridas, adem\u00e1s de estar descompensado y en estado de desnutrici\u00f3n.<\/p>\n<p>El ejemplar qued\u00f3 bajo cuidado del especialista para su recuperaci\u00f3n, con el objetivo de que pueda ser reintegrado a su h\u00e1bitat natural una vez que su estado de salud lo permita.<\/p>\n<p>Las autoridades exhortaron a la poblaci\u00f3n a reportar cualquier caso similar y recordaron la importancia de proteger la fauna silvestre, especialmente especies en peligro como el mono aullador, cuya conservaci\u00f3n es fundamental para el equilibrio ecol\u00f3gico.<\/p>\n","protected":false},"excerpt":{"rendered":"<p>Jos\u00e9 Vargas Cosoleacaque, Ver.- Elementos de Bomberos y Protecci\u00f3n Civil de Cosoleacaque realizaron el rescate de un ejemplar de mono aullador que se encontraba herido en una zona rural del municipio. El reporte ciudadano alert\u00f3 sobre la presencia del primate en la comunidad de Loma de Camalotal, donde fue localizado en la zona de rodamiento [&hellip;]<\/p>\n","protected":false},"author":2476,"featured_media":64967,"comment_status":"open","ping_status":"open","sticky":false,"template":"","format":"standard","meta":{"_jetpack_memberships_contains_paid_content":false,"footnotes":""},"categories":[2],"tags":[],"class_list":["post-64966","post","type-post","status-publish","format-standard","has-post-thumbnail","hentry","category-estado"],"jetpack_featured_media_url":"https:\/\/encuentroinformativo.com.mx\/wp-content\/uploads\/2025\/03\/IMG-20250320-WA0161.jpg","jetpack_sharing_enabled":true,"jetpack_likes_enabled":true,"amp_enabled":true,"_links":{"self":[{"href":"https:\/\/encuentroinformativo.com.mx\/index.php?rest_route=\/wp\/v2\/posts\/64966","targetHints":{"allow":["GET"]}}],"collection":[{"href":"https:\/\/encuentroinformativo.com.mx\/index.php?rest_route=\/wp\/v2\/posts"}],"about":[{"href":"https:\/\/encuentroinformativo.com.mx\/index.php?rest_route=\/wp\/v2\/types\/post"}],"author":[{"embeddable":true,"href":"https:\/\/encuentroinformativo.com.mx\/index.php?rest_route=\/wp\/v2\/users\/2476"}],"replies":[{"embeddable":true,"href":"https:\/\/encuentroinformativo.com.mx\/index.php?rest_route=%2Fwp%2Fv2%2Fcomments&post=64966"}],"version-history":[{"count":1,"href":"https:\/\/encuentroinformativo.com.mx\/index.php?rest_route=\/wp\/v2\/posts\/64966\/revisions"}],"predecessor-version":[{"id":64968,"href":"https:\/\/encuentroinformativo.com.mx\/index.php?rest_route=\/wp\/v2\/posts\/64966\/revisions\/64968"}],"wp:featuredmedia":[{"embeddable":true,"href":"https:\/\/encuentroinformativo.com.mx\/index.php?rest_route=\/wp\/v2\/media\/64967"}],"wp:attachment":[{"href":"https:\/\/encuentroinformativo.com.mx\/index.php?rest_route=%2Fwp%2Fv2%2Fmedia&parent=64966"}],"wp:term":[{"taxonomy":"category","embeddable":true,"href":"https:\/\/encuentroinformativo.com.mx\/index.php?rest_route=%2Fwp%2Fv2%2Fcategories&post=64966"},{"taxonomy":"post_tag","embeddable":true,"href":"https:\/\/encuentroinformativo.com.mx\/index.php?rest_route=%2Fwp%2Fv2%2Ftags&post=64966"}],"curies":[{"name":"wp","href":"https:\/\/api.w.org\/{rel}","templated":true}]}}