{"id":64969,"date":"2025-03-21T09:41:12","date_gmt":"2025-03-21T15:41:12","guid":{"rendered":"https:\/\/encuentroinformativo.com.mx\/?p=64969"},"modified":"2025-03-21T09:41:12","modified_gmt":"2025-03-21T15:41:12","slug":"edgar-y-celestino","status":"publish","type":"post","link":"https:\/\/encuentroinformativo.com.mx\/?p=64969","title":{"rendered":"EDGAR Y CELESTINO"},"content":{"rendered":"<p dir=\"ltr\"><strong>Los Pol\u00edticos<\/strong><\/p>\n<p dir=\"ltr\"><strong>Salvador Mu\u00f1oz<\/strong><\/p>\n<p dir=\"ltr\">Me preguntan si no creo que se haya redimido\u2026 No, es la respuesta. En lo que a mi concierne, es un depredador sexual. Hablamos de dos, tres, cuatro denuncias que hubo contra \u00e9l y un silencio y complicidad devastadores por parte de una procuradur\u00eda de Justicia, un Gobierno estatal y un Congreso\u2026 y en ese entonces, hasta un partido pol\u00edtico.<\/p>\n<p dir=\"ltr\">Quiz\u00e1s la novatez, inocencia o hasta su edad, hacen que Edgar Herrera Lendechy poco entienda lo que implica tener, poner, llevar como candidato a la presidencia municipal de Tempoal, a un personaje como Celestino Rivera.<\/p>\n<p dir=\"ltr\">Si bien, estos ligeros detalles en el novel dirigente no deben ser excusa y m\u00e1s por el linaje que corre por sus venas, igual est\u00e1n muchos militantes del Verde que fueron parte de esta historia que avergonz\u00f3 a Veracruz, tanto por el hecho, como por la indiferencia que hubo entre muchos actores pol\u00edticos en este caso de pederastia.<\/p>\n<p dir=\"ltr\">Las Brujas del Mar est\u00e1n en desacuerdo con la postulaci\u00f3n del Verde Ecologista en Tempoal con Celestino Rivera\u2026 y es que las Brujas tienen memoria\u2026 y tambi\u00e9n yo.<\/p>\n<p dir=\"ltr\">Un 19 de agosto de 2009, escrib\u00eda estas l\u00edneas:<\/p>\n<p dir=\"ltr\">\u201c\u00bfSaben qu\u00e9 va a pasar con Celestino Rivera Hern\u00e1ndez, diputado plurinominal del PRD, ante el se\u00f1alamiento de violaci\u00f3n en agravio de una menor de edad, vecina de Tempoal? \u00a1Nada!\u201d<\/p>\n<p dir=\"ltr\">Un\u00a016 de septiembre del mismo a\u00f1o, escrib\u00ed lo siguiente:<\/p>\n<p dir=\"ltr\">\u201d\u00bfPor qu\u00e9 un fuero est\u00e1 encima de la dignidad de cualquier persona? \u00bfQu\u00e9 se siente tener como compa\u00f1ero de curul a alguien que ya no es se\u00f1alado por una, sino por cuatro j\u00f3venes como un violador? \u00bfQu\u00e9 es lo que esperan nuestras autoridades?<\/p>\n<p dir=\"ltr\">Quiero saber qu\u00e9 partido, PAN, PRD, PRI, o el que sea, ha levantado la voz por esas ind\u00edgenas\u2026<\/p>\n<p dir=\"ltr\">\u201c\u00bfD\u00f3nde est\u00e1 Carvallo, Cambranis, Ceferino?<\/p>\n<p dir=\"ltr\">\u201cPeor a\u00fan\u2026 d\u00f3nde est\u00e1 Mikel\u2026 d\u00f3nde el Gobernador\u2026 d\u00f3nde Rosa Borunda\u2026<\/p>\n<p dir=\"ltr\">\u201c\u00bfLos Ni\u00f1os no se tocan en Veracruz?<\/p>\n<p dir=\"ltr\">\u201c\u00a1Claro que no se tocan los ni\u00f1os!<\/p>\n<p dir=\"ltr\">\u201cA los ni\u00f1os en Veracruz los manosean, los violan y los denigran\u2026\u201d<\/p>\n<p dir=\"ltr\">Pasaron dos largos a\u00f1os, largos para esas familias y para las v\u00edctimas de Celestino Rivera, hasta que en mayo del 2011, era detenido en flagrancia, en el motel San Marcos, luego de que una llamada telef\u00f3nica pusiera en alerta a la polic\u00eda de Seguridad P\u00fablica con base en Tantoyuca. Un hombre hab\u00eda entrado a una habitaci\u00f3n con un ni\u00f1o. Se escuchaban los gritos del infante. La historia creo la sabemos todos (menos Edgar Herrera y el PVEM): sacaron desnudo del motel al exdiputado local y Consejero Nacional del PRD, Celestino Rivera Hern\u00e1ndez, quien portaba una identificaci\u00f3n expedida por la H. Legislatura del Congreso del Estado de Veracruz en el Trienio 2007-2010, \u201cy un gafete que lo acredita como Consejero Nacional del referido partido\u201d, dec\u00eda el parte.<\/p>\n<p dir=\"ltr\">Celestino Rivera cuando fungi\u00f3 como diputado local, ya hab\u00eda sido denunciado por violar a una ni\u00f1a; no obstante, ni la Procuradur\u00eda, ni el Congreso, ni el Gobernador (t\u00edo por cierto de Edgar Herrera) ni nadie hizo nada\u2026<\/p>\n<p dir=\"ltr\">S\u00ed, pag\u00f3 con c\u00e1rcel y ahora me preguntan si no creo que se haya redimido. No, insisto, es mi respuesta\u2026 porque si bien hubo dos o tres denuncias contra Celestino, \u00e9sas fueron las voces que se alzaron, pero no quiero pensar las cu\u00e1ntas voces de ni\u00f1as, ni\u00f1os y familias que callaron\u2026<\/p>\n","protected":false},"excerpt":{"rendered":"<p>Los Pol\u00edticos Salvador Mu\u00f1oz Me preguntan si no creo que se haya redimido\u2026 No, es la respuesta. En lo que a mi concierne, es un depredador sexual. Hablamos de dos, tres, cuatro denuncias que hubo contra \u00e9l y un silencio y complicidad devastadores por parte de una procuradur\u00eda de Justicia, un Gobierno estatal y un [&hellip;]<\/p>\n","protected":false},"author":2476,"featured_media":387,"comment_status":"open","ping_status":"open","sticky":false,"template":"","format":"standard","meta":{"_jetpack_memberships_contains_paid_content":false,"footnotes":""},"categories":[11],"tags":[],"class_list":["post-64969","post","type-post","status-publish","format-standard","has-post-thumbnail","hentry","category-opinion"],"jetpack_featured_media_url":"https:\/\/encuentroinformativo.com.mx\/wp-content\/uploads\/2020\/03\/7CF8A22B-2764-47BE-8F7F-38FE9E5D6A2F.jpeg","jetpack_sharing_enabled":true,"jetpack_likes_enabled":true,"amp_enabled":true,"_links":{"self":[{"href":"https:\/\/encuentroinformativo.com.mx\/index.php?rest_route=\/wp\/v2\/posts\/64969","targetHints":{"allow":["GET"]}}],"collection":[{"href":"https:\/\/encuentroinformativo.com.mx\/index.php?rest_route=\/wp\/v2\/posts"}],"about":[{"href":"https:\/\/encuentroinformativo.com.mx\/index.php?rest_route=\/wp\/v2\/types\/post"}],"author":[{"embeddable":true,"href":"https:\/\/encuentroinformativo.com.mx\/index.php?rest_route=\/wp\/v2\/users\/2476"}],"replies":[{"embeddable":true,"href":"https:\/\/encuentroinformativo.com.mx\/index.php?rest_route=%2Fwp%2Fv2%2Fcomments&post=64969"}],"version-history":[{"count":1,"href":"https:\/\/encuentroinformativo.com.mx\/index.php?rest_route=\/wp\/v2\/posts\/64969\/revisions"}],"predecessor-version":[{"id":64970,"href":"https:\/\/encuentroinformativo.com.mx\/index.php?rest_route=\/wp\/v2\/posts\/64969\/revisions\/64970"}],"wp:featuredmedia":[{"embeddable":true,"href":"https:\/\/encuentroinformativo.com.mx\/index.php?rest_route=\/wp\/v2\/media\/387"}],"wp:attachment":[{"href":"https:\/\/encuentroinformativo.com.mx\/index.php?rest_route=%2Fwp%2Fv2%2Fmedia&parent=64969"}],"wp:term":[{"taxonomy":"category","embeddable":true,"href":"https:\/\/encuentroinformativo.com.mx\/index.php?rest_route=%2Fwp%2Fv2%2Fcategories&post=64969"},{"taxonomy":"post_tag","embeddable":true,"href":"https:\/\/encuentroinformativo.com.mx\/index.php?rest_route=%2Fwp%2Fv2%2Ftags&post=64969"}],"curies":[{"name":"wp","href":"https:\/\/api.w.org\/{rel}","templated":true}]}}