{"id":64984,"date":"2025-03-21T12:38:59","date_gmt":"2025-03-21T18:38:59","guid":{"rendered":"https:\/\/encuentroinformativo.com.mx\/?p=64984"},"modified":"2025-03-21T12:38:59","modified_gmt":"2025-03-21T18:38:59","slug":"conmemora-congreso-de-veracruz-natalicio-de-benito-juarez","status":"publish","type":"post","link":"https:\/\/encuentroinformativo.com.mx\/?p=64984","title":{"rendered":"Conmemora Congreso de Veracruz natalicio de Benito Ju\u00e1rez"},"content":{"rendered":"<p><strong>* Reconoce la Secretar\u00eda de Servicios Administrativos y Financieros de este Congreso la trascendencia de la obra del Benem\u00e9rito de las Am\u00e9ricas.<\/strong><\/p>\n<p style=\"font-weight: 400;\">Xalapa, Ver.- Con un acto c\u00edvico, esta ma\u00f1ana autoridades y personal del Poder Legislativo de Veracruz conmemoraron el CCXIX aniversario del natalicio del Benem\u00e9rito de las Am\u00e9ricas, Benito Ju\u00e1rez.<\/p>\n<p style=\"font-weight: 400;\">Tras los honores respectivos, el izamiento del l\u00e1baro patrio y la entonaci\u00f3n del Himno Nacional Mexicano por parte de los presentes, el secretario de Servicios Administrativos y Financieros de este Congreso, Alfredo Alberto Mart\u00ednez G\u00f3mez, hizo uso de la palabra.<\/p>\n<p style=\"font-weight: 400;\">En su mensaje, el funcionario evoc\u00f3 el legado de quien fue gobernador interino de Oaxaca, ministro de Justicia y presidente de la Rep\u00fablica Mexicana, en \u201cun momento de profunda agitaci\u00f3n pol\u00edtica y social. Su ascenso al poder estuvo marcado por la crisis que enfrentaba el pa\u00eds por el choque entre las facciones conservadoras y liberales\u201d.<\/p>\n<p style=\"font-weight: 400;\">Ju\u00e1rez \u2013a\u00f1adi\u00f3 el servidor p\u00fablico- \u201ccomo l\u00edder del sector liberal, defendi\u00f3 los principios democr\u00e1ticos y asumi\u00f3 su compromiso con las reformas que buscaban modernizar al pa\u00eds. Su llegada a la Presidencia represent\u00f3 el inicio de una era de transformaci\u00f3n y progreso para la naci\u00f3n\u201d.<\/p>\n<p style=\"font-weight: 400;\">Adem\u00e1s, destac\u00f3 la trascendencia de las Leyes de Reforma, expedidas en 1859 en el puerto de Veracruz, cuyos objetivos, se\u00f1al\u00f3, fueron secularizar y modernizar la sociedad mexicana.<\/p>\n<p style=\"font-weight: 400;\">Por \u00faltimo, cit\u00f3 un fragmento del manifiesto presentado por el presidente Benito Ju\u00e1rez el 15 de julio de 1867: \u201cMexicanos: Hemos alcanzado el mayor bien que pod\u00edamos desear, viendo y consumada por segunda vez la independencia de nuestra patria. Cooperemos todos para poder legarla a nuestros hijos en camino de prosperidad, amando y sosteniendo siempre nuestra independencia y nuestra libertad\u201d.<\/p>\n<p style=\"font-weight: 400;\">Asistieron a este acto el secretario general de este Congreso, Domingo Bahena Corbal\u00e1; el secretario de Servicios Legislativos, Sebasti\u00e1n Clemente Morales; la secretaria de Fiscalizaci\u00f3n, Alma Leticia Pati\u00f1o Gabriel, y el secretario general del Sindicato \u00danico de Trabajadores al Servicio del Poder Legislativo (SUTSPL), Jos\u00e9 de Jes\u00fas Rodr\u00edguez Hern\u00e1ndez; directoras, directores, jefas y jefes de departamento y oficina, personal de base y confianza.<\/p>\n<p><img loading=\"lazy\" decoding=\"async\" class=\"alignnone size-medium wp-image-64986\" src=\"https:\/\/encuentroinformativo.com.mx\/wp-content\/uploads\/2025\/03\/NOV21MARZO2025ACTOCIVICO2-300x200.jpeg\" alt=\"\" width=\"300\" height=\"200\" srcset=\"https:\/\/encuentroinformativo.com.mx\/wp-content\/uploads\/2025\/03\/NOV21MARZO2025ACTOCIVICO2-300x200.jpeg 300w, https:\/\/encuentroinformativo.com.mx\/wp-content\/uploads\/2025\/03\/NOV21MARZO2025ACTOCIVICO2-1024x684.jpeg 1024w, https:\/\/encuentroinformativo.com.mx\/wp-content\/uploads\/2025\/03\/NOV21MARZO2025ACTOCIVICO2-768x513.jpeg 768w, https:\/\/encuentroinformativo.com.mx\/wp-content\/uploads\/2025\/03\/NOV21MARZO2025ACTOCIVICO2-1536x1025.jpeg 1536w, https:\/\/encuentroinformativo.com.mx\/wp-content\/uploads\/2025\/03\/NOV21MARZO2025ACTOCIVICO2.jpeg 1600w\" sizes=\"auto, (max-width: 300px) 100vw, 300px\" \/><\/p>\n","protected":false},"excerpt":{"rendered":"<p>* Reconoce la Secretar\u00eda de Servicios Administrativos y Financieros de este Congreso la trascendencia de la obra del Benem\u00e9rito de las Am\u00e9ricas. Xalapa, Ver.- Con un acto c\u00edvico, esta ma\u00f1ana autoridades y personal del Poder Legislativo de Veracruz conmemoraron el CCXIX aniversario del natalicio del Benem\u00e9rito de las Am\u00e9ricas, Benito Ju\u00e1rez. Tras los honores respectivos, [&hellip;]<\/p>\n","protected":false},"author":2476,"featured_media":64985,"comment_status":"open","ping_status":"open","sticky":false,"template":"","format":"standard","meta":{"_jetpack_memberships_contains_paid_content":false,"footnotes":""},"categories":[2],"tags":[],"class_list":["post-64984","post","type-post","status-publish","format-standard","has-post-thumbnail","hentry","category-estado"],"jetpack_featured_media_url":"https:\/\/encuentroinformativo.com.mx\/wp-content\/uploads\/2025\/03\/NOV21MARZO2025ACTOCIVICO1.jpeg","jetpack_sharing_enabled":true,"jetpack_likes_enabled":true,"amp_enabled":true,"_links":{"self":[{"href":"https:\/\/encuentroinformativo.com.mx\/index.php?rest_route=\/wp\/v2\/posts\/64984","targetHints":{"allow":["GET"]}}],"collection":[{"href":"https:\/\/encuentroinformativo.com.mx\/index.php?rest_route=\/wp\/v2\/posts"}],"about":[{"href":"https:\/\/encuentroinformativo.com.mx\/index.php?rest_route=\/wp\/v2\/types\/post"}],"author":[{"embeddable":true,"href":"https:\/\/encuentroinformativo.com.mx\/index.php?rest_route=\/wp\/v2\/users\/2476"}],"replies":[{"embeddable":true,"href":"https:\/\/encuentroinformativo.com.mx\/index.php?rest_route=%2Fwp%2Fv2%2Fcomments&post=64984"}],"version-history":[{"count":1,"href":"https:\/\/encuentroinformativo.com.mx\/index.php?rest_route=\/wp\/v2\/posts\/64984\/revisions"}],"predecessor-version":[{"id":64987,"href":"https:\/\/encuentroinformativo.com.mx\/index.php?rest_route=\/wp\/v2\/posts\/64984\/revisions\/64987"}],"wp:featuredmedia":[{"embeddable":true,"href":"https:\/\/encuentroinformativo.com.mx\/index.php?rest_route=\/wp\/v2\/media\/64985"}],"wp:attachment":[{"href":"https:\/\/encuentroinformativo.com.mx\/index.php?rest_route=%2Fwp%2Fv2%2Fmedia&parent=64984"}],"wp:term":[{"taxonomy":"category","embeddable":true,"href":"https:\/\/encuentroinformativo.com.mx\/index.php?rest_route=%2Fwp%2Fv2%2Fcategories&post=64984"},{"taxonomy":"post_tag","embeddable":true,"href":"https:\/\/encuentroinformativo.com.mx\/index.php?rest_route=%2Fwp%2Fv2%2Ftags&post=64984"}],"curies":[{"name":"wp","href":"https:\/\/api.w.org\/{rel}","templated":true}]}}