{"id":64996,"date":"2025-03-21T13:37:29","date_gmt":"2025-03-21T19:37:29","guid":{"rendered":"https:\/\/encuentroinformativo.com.mx\/?p=64996"},"modified":"2025-03-21T13:37:29","modified_gmt":"2025-03-21T19:37:29","slug":"avanzan-carpetas-de-investigacion-por-muerte-de-padre-buscador-fge","status":"publish","type":"post","link":"https:\/\/encuentroinformativo.com.mx\/?p=64996","title":{"rendered":"Avanzan carpetas de investigaci\u00f3n por muerte de padre buscador: FGE\u00a0"},"content":{"rendered":"<p><strong>Dar\u00edo Pale<\/strong><\/p>\n<p>Xalapa, Ver.- La Fiscal General del Estado, Ver\u00f3nica Hern\u00e1ndez Giad\u00e1ns dio a conocer que ya hay carpetas de investigaci\u00f3n por los casos de los homicidios de los empresarios de C\u00f3rdoba y de Tuxpan, en momento oportuno, dar\u00e1n a conocer a trav\u00e9s de los medios oficiales.<\/p>\n<p>En entrevista se\u00f1al\u00f3 que, \u201chay carpetas iniciadas, estamos teniendo informaci\u00f3n importante y como siempre, en el momento oportuno, daremos a conocer a trav\u00e9s de los medios oficiales, como lo fue con el lamentable suceso de la veterinaria ah\u00ed en la zona de Alvarado, daremos informaci\u00f3n\u201d.<\/p>\n<p>\u201cComo siempre, saben que somos muy prudentes en los tiempos de una investigaci\u00f3n y lo daremos a conocer\u201d, se\u00f1al\u00f3.<\/p>\n<p>En cuanto a los casos de R\u00edo Blanco donde tambi\u00e9n se realiz\u00f3 el hallazgo de restos humanos, y en Tuzamapan donde tambi\u00e9n hallaron a dos hombres, coment\u00f3 que est\u00e1n trabajando por cada evento, se han iniciado las carpetas de investigaci\u00f3n correspondientes y de todos los eventos est\u00e1 la trilog\u00eda investigadora avanzando en las l\u00edneas de investigaci\u00f3n de cada uno de los eventos\u201d.<\/p>\n<p>En otro orden de ideas en cuanto a la investigaci\u00f3n del caso del presunto asesinato del padre buscador Magdaleno P\u00e9rez a manos de polic\u00edas municipales contin\u00faa, dijo que la carpeta se encuentra judicializada, y refiri\u00f3 que dos elementos de la Polic\u00eda Municipal est\u00e1n detenidos y vinculados a proceso por el delito de<br \/>\nhomicidio doloso como presuntos responsables.<\/p>\n<p>&#8220;La investigaci\u00f3n contin\u00faa, hay dos personas que eran elementos de la Polic\u00eda Municipal que est\u00e1n vinculadas a proceso por el delito de homicidio doloso como presuntos responsables&#8221;, se\u00f1al\u00f3.<\/p>\n<p>Sin embargo, no descart\u00f3 que pudiera haber m\u00e1s personas involucradas en este caso, y si fuera as\u00ed asegur\u00f3 que se actuar\u00e1.<\/p>\n<p>&#8220;Seguimos haciendo diligencias, asegurando indicios relevantes y si hubiera m\u00e1s presuntos responsables se actuar\u00e1&#8221;, coment\u00f3.<\/p>\n<p>Hay que recordar que este padre falleci\u00f3 el pasado 11 de marzo presuntamente a manos de elementos de la Polic\u00eda Municipal luego de haber sido detenido y golpeado, este padre buscaba a su hija Diana Paloma P\u00e9rez.<\/p>\n<p>En el caso de Alin Isaday Salas Isidro, privada de su libertad el 16 de marzo, en Poza Rica, hija tambi\u00e9n de un buscador del colectivo Mar\u00eda Herrera, dijo que est\u00e1n llevando a cabo todas las l\u00edneas de investigaci\u00f3n y el protocolo correspondiente para que puedan tener noticias importantes a la brevedad.<\/p>\n<p>Hay que recordar que los hechos ocurrieron el pasado domingo 16 de marzo cuando la joven fue plagiada en pleno centro de la ciudad petrolera, ella es hija de A\u00edda Isidro, quien forma parte del colectivo Familiares en B\u00fasqueda Mar\u00eda Herrera.<\/p>\n<p>Algunos testigos afirmaron que los hechos ocurrieron alrededor de las 17:00 horas frente a la Plaza C\u00edvica 18 de Marzo.<\/p>\n","protected":false},"excerpt":{"rendered":"<p>Dar\u00edo Pale Xalapa, Ver.- La Fiscal General del Estado, Ver\u00f3nica Hern\u00e1ndez Giad\u00e1ns dio a conocer que ya hay carpetas de investigaci\u00f3n por los casos de los homicidios de los empresarios de C\u00f3rdoba y de Tuxpan, en momento oportuno, dar\u00e1n a conocer a trav\u00e9s de los medios oficiales. En entrevista se\u00f1al\u00f3 que, \u201chay carpetas iniciadas, estamos [&hellip;]<\/p>\n","protected":false},"author":2476,"featured_media":64997,"comment_status":"open","ping_status":"open","sticky":false,"template":"","format":"standard","meta":{"_jetpack_memberships_contains_paid_content":false,"footnotes":""},"categories":[2],"tags":[],"class_list":["post-64996","post","type-post","status-publish","format-standard","has-post-thumbnail","hentry","category-estado"],"jetpack_featured_media_url":"https:\/\/encuentroinformativo.com.mx\/wp-content\/uploads\/2025\/03\/IMG-20250321-WA01332.jpg","jetpack_sharing_enabled":true,"jetpack_likes_enabled":true,"amp_enabled":true,"_links":{"self":[{"href":"https:\/\/encuentroinformativo.com.mx\/index.php?rest_route=\/wp\/v2\/posts\/64996","targetHints":{"allow":["GET"]}}],"collection":[{"href":"https:\/\/encuentroinformativo.com.mx\/index.php?rest_route=\/wp\/v2\/posts"}],"about":[{"href":"https:\/\/encuentroinformativo.com.mx\/index.php?rest_route=\/wp\/v2\/types\/post"}],"author":[{"embeddable":true,"href":"https:\/\/encuentroinformativo.com.mx\/index.php?rest_route=\/wp\/v2\/users\/2476"}],"replies":[{"embeddable":true,"href":"https:\/\/encuentroinformativo.com.mx\/index.php?rest_route=%2Fwp%2Fv2%2Fcomments&post=64996"}],"version-history":[{"count":1,"href":"https:\/\/encuentroinformativo.com.mx\/index.php?rest_route=\/wp\/v2\/posts\/64996\/revisions"}],"predecessor-version":[{"id":64998,"href":"https:\/\/encuentroinformativo.com.mx\/index.php?rest_route=\/wp\/v2\/posts\/64996\/revisions\/64998"}],"wp:featuredmedia":[{"embeddable":true,"href":"https:\/\/encuentroinformativo.com.mx\/index.php?rest_route=\/wp\/v2\/media\/64997"}],"wp:attachment":[{"href":"https:\/\/encuentroinformativo.com.mx\/index.php?rest_route=%2Fwp%2Fv2%2Fmedia&parent=64996"}],"wp:term":[{"taxonomy":"category","embeddable":true,"href":"https:\/\/encuentroinformativo.com.mx\/index.php?rest_route=%2Fwp%2Fv2%2Fcategories&post=64996"},{"taxonomy":"post_tag","embeddable":true,"href":"https:\/\/encuentroinformativo.com.mx\/index.php?rest_route=%2Fwp%2Fv2%2Ftags&post=64996"}],"curies":[{"name":"wp","href":"https:\/\/api.w.org\/{rel}","templated":true}]}}