{"id":64999,"date":"2025-03-21T13:50:48","date_gmt":"2025-03-21T19:50:48","guid":{"rendered":"https:\/\/encuentroinformativo.com.mx\/?p=64999"},"modified":"2025-03-21T13:50:48","modified_gmt":"2025-03-21T19:50:48","slug":"sin-localizar-restos-de-veracruzanos-en-teuchitlan-afirma-comision-de-busqueda","status":"publish","type":"post","link":"https:\/\/encuentroinformativo.com.mx\/?p=64999","title":{"rendered":"Sin localizar restos de veracruzanos en Teuchitl\u00e1n, afirma Comisi\u00f3n de B\u00fasqueda"},"content":{"rendered":"<p><strong>Dar\u00edo Pale<\/strong><\/p>\n<p>Xalapa, Ver.- La encargada de la Comisi\u00f3n Estatal de B\u00fasqueda, Lutgarda Madrigal desminti\u00f3 que hayan localizado seis cuerpos de veracruzanos entre los restos hallados en el Centro de Reclutamiento Forzado y de Exterminio en Teuchitl\u00e1n, Jalisco.<\/p>\n<p>En entrevista previo a la conmemoraci\u00f3n del natalicio de Don Benito Ju\u00e1rez dio a conocer que no existen indicios de que en el Centro de Reclutamiento Forzado y de Exterminio en Teuchitl\u00e1n, Jalisco haya restos de personas desaparecidas de Veracruz.<\/p>\n<p>No obstante, la funcionaria reconoci\u00f3 que s\u00ed han recibido solicitudes de colectivos de familiares de personas desaparecidas que quieren ingresar en ese sitio ubicado en Jalisco.<\/p>\n<p>Coment\u00f3 que por ello har\u00e1n la solicitud de ingreso ante la Comisi\u00f3n Estatal de B\u00fasqueda de Jalisco y en caso de otorgarse dar\u00e1n acompa\u00f1amiento a los familiares.<\/p>\n<p>Por lo que desminti\u00f3 que se hayan localizado seis cuerpos entre los restos hallados en este sitio de Jalisco, como se dio a conocer en algunos medios de comunicaci\u00f3n.<\/p>\n<p>\u201cHubo una confusi\u00f3n, dijeron que iban a dejar entrar a los colectivos y luego que no, al parecer ya permitieron la entrada de colectivos locales y de quienes llegaran de otros puntos pero de Veracruz no ha participado ning\u00fan colectivo ni tenemos indicios de que haya algo\u201d, se\u00f1al\u00f3.<\/p>\n<p>Lutgarda Madrigal tambi\u00e9n se refiri\u00f3 al presunto hallazgo de cinco cuerpos en una cueva localizada en la Sierra de Zongolica, pero dijo que no tienen informaci\u00f3n sobre estos restos.<\/p>\n<p>Finalmente coment\u00f3 que, \u201ca\u00fan est\u00e1n realizando pruebas periciales, hay geolocalizaciones y algunas otras cosas que nos est\u00e1n indicando y est\u00e1n en proceso de revisi\u00f3n. Al menos de parte de la Comisi\u00f3n de B\u00fasqueda, no hemos ido a esa zona\u201d.<\/p>\n","protected":false},"excerpt":{"rendered":"<p>Dar\u00edo Pale Xalapa, Ver.- La encargada de la Comisi\u00f3n Estatal de B\u00fasqueda, Lutgarda Madrigal desminti\u00f3 que hayan localizado seis cuerpos de veracruzanos entre los restos hallados en el Centro de Reclutamiento Forzado y de Exterminio en Teuchitl\u00e1n, Jalisco. En entrevista previo a la conmemoraci\u00f3n del natalicio de Don Benito Ju\u00e1rez dio a conocer que no [&hellip;]<\/p>\n","protected":false},"author":2476,"featured_media":65000,"comment_status":"open","ping_status":"open","sticky":false,"template":"","format":"standard","meta":{"_jetpack_memberships_contains_paid_content":false,"footnotes":""},"categories":[2],"tags":[],"class_list":["post-64999","post","type-post","status-publish","format-standard","has-post-thumbnail","hentry","category-estado"],"jetpack_featured_media_url":"https:\/\/encuentroinformativo.com.mx\/wp-content\/uploads\/2025\/03\/IMG-20250321-WA0146.jpg","jetpack_sharing_enabled":true,"jetpack_likes_enabled":true,"amp_enabled":true,"_links":{"self":[{"href":"https:\/\/encuentroinformativo.com.mx\/index.php?rest_route=\/wp\/v2\/posts\/64999","targetHints":{"allow":["GET"]}}],"collection":[{"href":"https:\/\/encuentroinformativo.com.mx\/index.php?rest_route=\/wp\/v2\/posts"}],"about":[{"href":"https:\/\/encuentroinformativo.com.mx\/index.php?rest_route=\/wp\/v2\/types\/post"}],"author":[{"embeddable":true,"href":"https:\/\/encuentroinformativo.com.mx\/index.php?rest_route=\/wp\/v2\/users\/2476"}],"replies":[{"embeddable":true,"href":"https:\/\/encuentroinformativo.com.mx\/index.php?rest_route=%2Fwp%2Fv2%2Fcomments&post=64999"}],"version-history":[{"count":1,"href":"https:\/\/encuentroinformativo.com.mx\/index.php?rest_route=\/wp\/v2\/posts\/64999\/revisions"}],"predecessor-version":[{"id":65001,"href":"https:\/\/encuentroinformativo.com.mx\/index.php?rest_route=\/wp\/v2\/posts\/64999\/revisions\/65001"}],"wp:featuredmedia":[{"embeddable":true,"href":"https:\/\/encuentroinformativo.com.mx\/index.php?rest_route=\/wp\/v2\/media\/65000"}],"wp:attachment":[{"href":"https:\/\/encuentroinformativo.com.mx\/index.php?rest_route=%2Fwp%2Fv2%2Fmedia&parent=64999"}],"wp:term":[{"taxonomy":"category","embeddable":true,"href":"https:\/\/encuentroinformativo.com.mx\/index.php?rest_route=%2Fwp%2Fv2%2Fcategories&post=64999"},{"taxonomy":"post_tag","embeddable":true,"href":"https:\/\/encuentroinformativo.com.mx\/index.php?rest_route=%2Fwp%2Fv2%2Ftags&post=64999"}],"curies":[{"name":"wp","href":"https:\/\/api.w.org\/{rel}","templated":true}]}}