{"id":65002,"date":"2025-03-21T13:58:40","date_gmt":"2025-03-21T19:58:40","guid":{"rendered":"https:\/\/encuentroinformativo.com.mx\/?p=65002"},"modified":"2025-03-21T13:58:40","modified_gmt":"2025-03-21T19:58:40","slug":"hay-lineas-de-investigacion-por-homicidios-de-empresarios-veracruzanos","status":"publish","type":"post","link":"https:\/\/encuentroinformativo.com.mx\/?p=65002","title":{"rendered":"Hay l\u00edneas de investigaci\u00f3n por homicidios de empresarios veracruzanos"},"content":{"rendered":"<p><strong>Dar\u00edo Pale<\/strong><\/p>\n<p>Xalapa, Ver.- La gobernadora Norma Roc\u00edo Nahle Garc\u00eda, adelant\u00f3 que hay avances en relaci\u00f3n al homicidio del empresario \u00c1ngel &#8220;N&#8221; y su hijo, Daniel &#8220;N&#8221; en la ciudad de C\u00f3rdoba.<\/p>\n<p>En entrevista previa al homenaje por el natalicio de Benito Ju\u00e1rez en el parque, explic\u00f3 que a cada tema se le da el seguimiento &#8220;y cuando la Fiscal\u00eda ya tiene a las personas detenidas, ya est\u00e1 emitiendo reportes&#8221;.<\/p>\n<p>La gobernadora precis\u00f3 que en la reuni\u00f3n de seguridad de este viernes se dio a conocer la detenci\u00f3n de presuntos involucrados.<\/p>\n<p>&#8220;Hoy nos informaron en la reuni\u00f3n de la ma\u00f1ana sobre los hechos, cada d\u00eda lo vemos y las carpetas que se abren, ya hay detenidos y se le est\u00e1 dando a cada tema se le da el seguimiento&#8221;, se\u00f1al\u00f3.<\/p>\n<p>\u201cCuando la Fiscal\u00eda ya tiene a las personas detenidas o ya en c\u00e1rcel ya est\u00e1 emitiendo reportes,&#8230;.,hay l\u00ednea directa\u201d, agreg\u00f3.<\/p>\n<p>En otro tema, dijo que la Cumbre Taj\u00edn &#8220;va muy bien, es una fiesta cultural, muy bonita, la Cumbre Taj\u00edn est\u00e1 llevando 190 temas al mismo tiempo, se trata de una inversi\u00f3n cultural&#8221;, adem\u00e1s de la inversi\u00f3n en programas y acciones sociales, es necesaria la inversi\u00f3n en eventos culturales como la Cumbre Taj\u00edn.<\/p>\n<p>&#8220;Es una inversi\u00f3n cultural. El gobierno hace inversi\u00f3n social en los programas de Bienestar, en lo que se tiene que apoyar a la gente, pero tambi\u00e9n es necesario hacer una inversi\u00f3n cultural, entonces es parte de esto&#8221;, coment\u00f3.<\/p>\n<p>Destac\u00f3 que este evento de la identidad de la cultura totonaca de Veracruz realiza 190 actividades distintas de manera simult\u00e1nea en diferentes puntos del parque tem\u00e1tico Takilhsukut, desde talleres, conferencias y eventos culturales de pueblos originarios de Veracruz y otros estados.<\/p>\n<p>Finalmente la gobernadora precis\u00f3 que terminando la Cumbre Taj\u00edn dar\u00e1 a conocer los resultados de este evento.<\/p>\n","protected":false},"excerpt":{"rendered":"<p>Dar\u00edo Pale Xalapa, Ver.- La gobernadora Norma Roc\u00edo Nahle Garc\u00eda, adelant\u00f3 que hay avances en relaci\u00f3n al homicidio del empresario \u00c1ngel &#8220;N&#8221; y su hijo, Daniel &#8220;N&#8221; en la ciudad de C\u00f3rdoba. En entrevista previa al homenaje por el natalicio de Benito Ju\u00e1rez en el parque, explic\u00f3 que a cada tema se le da el [&hellip;]<\/p>\n","protected":false},"author":2476,"featured_media":65003,"comment_status":"open","ping_status":"open","sticky":false,"template":"","format":"standard","meta":{"_jetpack_memberships_contains_paid_content":false,"footnotes":""},"categories":[2],"tags":[],"class_list":["post-65002","post","type-post","status-publish","format-standard","has-post-thumbnail","hentry","category-estado"],"jetpack_featured_media_url":"https:\/\/encuentroinformativo.com.mx\/wp-content\/uploads\/2025\/03\/IMG-20250321-WA01042.jpg","jetpack_sharing_enabled":true,"jetpack_likes_enabled":true,"amp_enabled":true,"_links":{"self":[{"href":"https:\/\/encuentroinformativo.com.mx\/index.php?rest_route=\/wp\/v2\/posts\/65002","targetHints":{"allow":["GET"]}}],"collection":[{"href":"https:\/\/encuentroinformativo.com.mx\/index.php?rest_route=\/wp\/v2\/posts"}],"about":[{"href":"https:\/\/encuentroinformativo.com.mx\/index.php?rest_route=\/wp\/v2\/types\/post"}],"author":[{"embeddable":true,"href":"https:\/\/encuentroinformativo.com.mx\/index.php?rest_route=\/wp\/v2\/users\/2476"}],"replies":[{"embeddable":true,"href":"https:\/\/encuentroinformativo.com.mx\/index.php?rest_route=%2Fwp%2Fv2%2Fcomments&post=65002"}],"version-history":[{"count":1,"href":"https:\/\/encuentroinformativo.com.mx\/index.php?rest_route=\/wp\/v2\/posts\/65002\/revisions"}],"predecessor-version":[{"id":65004,"href":"https:\/\/encuentroinformativo.com.mx\/index.php?rest_route=\/wp\/v2\/posts\/65002\/revisions\/65004"}],"wp:featuredmedia":[{"embeddable":true,"href":"https:\/\/encuentroinformativo.com.mx\/index.php?rest_route=\/wp\/v2\/media\/65003"}],"wp:attachment":[{"href":"https:\/\/encuentroinformativo.com.mx\/index.php?rest_route=%2Fwp%2Fv2%2Fmedia&parent=65002"}],"wp:term":[{"taxonomy":"category","embeddable":true,"href":"https:\/\/encuentroinformativo.com.mx\/index.php?rest_route=%2Fwp%2Fv2%2Fcategories&post=65002"},{"taxonomy":"post_tag","embeddable":true,"href":"https:\/\/encuentroinformativo.com.mx\/index.php?rest_route=%2Fwp%2Fv2%2Ftags&post=65002"}],"curies":[{"name":"wp","href":"https:\/\/api.w.org\/{rel}","templated":true}]}}