{"id":65015,"date":"2025-03-21T15:04:31","date_gmt":"2025-03-21T21:04:31","guid":{"rendered":"https:\/\/encuentroinformativo.com.mx\/?p=65015"},"modified":"2025-03-21T15:04:31","modified_gmt":"2025-03-21T21:04:31","slug":"conmemora-alcalde-jm-unanue-el-219-aniversario-del-natalicio-de-benito-juarez","status":"publish","type":"post","link":"https:\/\/encuentroinformativo.com.mx\/?p=65015","title":{"rendered":"Conmemora Alcalde JM Un\u00e1nue el 219 Aniversario del Natalicio de Benito Ju\u00e1rez"},"content":{"rendered":"<p><strong>* Este viernes se rindieron Honores a la Bandera en la Plaza C\u00edvica del Palacio Municipal con la participaci\u00f3n de la escolta del Centro de Bachillerato Tecnol\u00f3gico Industrial y de servicios CBTis 79.<\/strong><\/p>\n<p>Boca del R\u00edo, Ver.- El alcalde de Boca del R\u00edo, Juan Manuel Un\u00e1nue Abascal, rindi\u00f3 un homenaje y encabez\u00f3 el acto protocolario por la conmemoraci\u00f3n del Natalicio de Benito Ju\u00e1rez, tambi\u00e9n conocido como el Benem\u00e9rito de las Am\u00e9ricas, quien naci\u00f3 en el a\u00f1o de 1806 en San Pablo Guelatao, Oaxaca.<\/p>\n<p>Reunidos en la Plaza C\u00edvica Benito Ju\u00e1rez en la cabecera municipal, el Presidente Municipal invit\u00f3 a los boque\u00f1os a reflexionar sobre el legado de una persona cuya visi\u00f3n transform\u00f3 a M\u00e9xico.<\/p>\n<p>\u201cDesde esta gran ciudad que es Boca del R\u00edo hago un llamado a todos, que la memoria de Benito Ju\u00e1rez nos impulse a ser mejores, a ser m\u00e1s solidarios y a luchar por nuestro pa\u00eds con acciones concretas. Porque M\u00e9xico no se construye solo con discursos, M\u00e9xico se construye con el trabajo, la uni\u00f3n y la voluntad de su gente\u201d, expres\u00f3 el edil.<\/p>\n<p>Con la presencia de la presidenta del DIF Municipal, Melina Rivera de Un\u00e1nue, se destac\u00f3 que el Benem\u00e9rito de las Am\u00e9ricas es un s\u00edmbolo de lucha, perseverancia y justicia.<\/p>\n<p>Ante regidores, directores, personal municipal y ciudadanos, se rindieron Honores a la Bandera portada con gallard\u00eda por la escolta del Centro de Bachillerato Tecnol\u00f3gico Industrial y de servicios CBTis 79, acompa\u00f1ados por la Directora del plantel, Ver\u00f3nica Fierro Canela, banda de guerra y banda musical.<\/p>\n<p>Asimismo, Un\u00e1nue Abascal enfatiz\u00f3 que en la actualidad M\u00e9xico enfrenta grandes desaf\u00edos, pero siempre afront\u00e1ndolos con dignidad y valent\u00eda, subrayando que una de sus ense\u00f1anzas m\u00e1s importantes \u201centre los individuos, como entre las naciones el respeto al derecho ajeno es la paz\u201d, cit\u00f3 el alcalde.<\/p>\n<p>En su mensaje insisti\u00f3 que a Ju\u00e1rez no solo se le puede rendir homenaje con palabras, sino con hechos, trabajando diariamente con honestidad, compromiso y amor por nuestra tierra; construyendo un M\u00e9xico m\u00e1s equitativo, seguro y fuerte.<\/p>\n<p>Finalmente, el alcalde de Boca del R\u00edo, Juan Manuel Un\u00e1nue Abascal, inst\u00f3 a seguir el ejemplo del Presidente Benito Ju\u00e1rez y continuar construyendo el Boca del R\u00edo y M\u00e9xico que so\u00f1amos y merecemos.<\/p>\n<p><img loading=\"lazy\" decoding=\"async\" class=\"alignnone size-medium wp-image-65017\" src=\"https:\/\/encuentroinformativo.com.mx\/wp-content\/uploads\/2025\/03\/IMG-20250321-WA0184-300x200.jpg\" alt=\"\" width=\"300\" height=\"200\" srcset=\"https:\/\/encuentroinformativo.com.mx\/wp-content\/uploads\/2025\/03\/IMG-20250321-WA0184-300x200.jpg 300w, https:\/\/encuentroinformativo.com.mx\/wp-content\/uploads\/2025\/03\/IMG-20250321-WA0184-1024x682.jpg 1024w, https:\/\/encuentroinformativo.com.mx\/wp-content\/uploads\/2025\/03\/IMG-20250321-WA0184-768x512.jpg 768w, https:\/\/encuentroinformativo.com.mx\/wp-content\/uploads\/2025\/03\/IMG-20250321-WA0184.jpg 1280w\" sizes=\"auto, (max-width: 300px) 100vw, 300px\" \/><\/p>\n","protected":false},"excerpt":{"rendered":"<p>* Este viernes se rindieron Honores a la Bandera en la Plaza C\u00edvica del Palacio Municipal con la participaci\u00f3n de la escolta del Centro de Bachillerato Tecnol\u00f3gico Industrial y de servicios CBTis 79. Boca del R\u00edo, Ver.- El alcalde de Boca del R\u00edo, Juan Manuel Un\u00e1nue Abascal, rindi\u00f3 un homenaje y encabez\u00f3 el acto protocolario [&hellip;]<\/p>\n","protected":false},"author":2476,"featured_media":65016,"comment_status":"open","ping_status":"open","sticky":false,"template":"","format":"standard","meta":{"_jetpack_memberships_contains_paid_content":false,"footnotes":""},"categories":[2],"tags":[],"class_list":["post-65015","post","type-post","status-publish","format-standard","has-post-thumbnail","hentry","category-estado"],"jetpack_featured_media_url":"https:\/\/encuentroinformativo.com.mx\/wp-content\/uploads\/2025\/03\/IMG-20250321-WA0183.jpg","jetpack_sharing_enabled":true,"jetpack_likes_enabled":true,"amp_enabled":true,"_links":{"self":[{"href":"https:\/\/encuentroinformativo.com.mx\/index.php?rest_route=\/wp\/v2\/posts\/65015","targetHints":{"allow":["GET"]}}],"collection":[{"href":"https:\/\/encuentroinformativo.com.mx\/index.php?rest_route=\/wp\/v2\/posts"}],"about":[{"href":"https:\/\/encuentroinformativo.com.mx\/index.php?rest_route=\/wp\/v2\/types\/post"}],"author":[{"embeddable":true,"href":"https:\/\/encuentroinformativo.com.mx\/index.php?rest_route=\/wp\/v2\/users\/2476"}],"replies":[{"embeddable":true,"href":"https:\/\/encuentroinformativo.com.mx\/index.php?rest_route=%2Fwp%2Fv2%2Fcomments&post=65015"}],"version-history":[{"count":1,"href":"https:\/\/encuentroinformativo.com.mx\/index.php?rest_route=\/wp\/v2\/posts\/65015\/revisions"}],"predecessor-version":[{"id":65018,"href":"https:\/\/encuentroinformativo.com.mx\/index.php?rest_route=\/wp\/v2\/posts\/65015\/revisions\/65018"}],"wp:featuredmedia":[{"embeddable":true,"href":"https:\/\/encuentroinformativo.com.mx\/index.php?rest_route=\/wp\/v2\/media\/65016"}],"wp:attachment":[{"href":"https:\/\/encuentroinformativo.com.mx\/index.php?rest_route=%2Fwp%2Fv2%2Fmedia&parent=65015"}],"wp:term":[{"taxonomy":"category","embeddable":true,"href":"https:\/\/encuentroinformativo.com.mx\/index.php?rest_route=%2Fwp%2Fv2%2Fcategories&post=65015"},{"taxonomy":"post_tag","embeddable":true,"href":"https:\/\/encuentroinformativo.com.mx\/index.php?rest_route=%2Fwp%2Fv2%2Ftags&post=65015"}],"curies":[{"name":"wp","href":"https:\/\/api.w.org\/{rel}","templated":true}]}}