{"id":65033,"date":"2025-03-22T18:27:37","date_gmt":"2025-03-23T00:27:37","guid":{"rendered":"https:\/\/encuentroinformativo.com.mx\/?p=65033"},"modified":"2025-03-22T18:27:37","modified_gmt":"2025-03-23T00:27:37","slug":"realizan-marcha-en-defensa-de-los-rios","status":"publish","type":"post","link":"https:\/\/encuentroinformativo.com.mx\/?p=65033","title":{"rendered":"Realizan marcha en defensa de los r\u00edos"},"content":{"rendered":"<p><strong>Dar\u00edo Pale<\/strong><\/p>\n<p>Xalapa, Ver.- Realizaron una marcha en Xalapa con motivo del D\u00eda Mundial del Agua en defensa de los r\u00edos y otros cuerpos de agua en el estado que son contaminados o que enfrentan extracci\u00f3n de agua con fines comerciales, entre otras problem\u00e1ticas.<\/p>\n<p>Organizaciones de las cuencas La Antigua, Actopan y Jamapa marcharon, luego de concentrarse en La Isleta del Paseo de los Lagos, los integrantes de Pueblos Unidos de la Cuenca La Antigua por R\u00edos Libres (PUCARL).<\/p>\n<p>Marcharon por el centro de la ciudad hacia la Plaza Lerdo, donde dieron a conocer que se encuentran en riesgo los manantiales, arroyos y r\u00edos en dichas cuencas.<\/p>\n<p>Tras una investigaci\u00f3n comunitaria sobre la contaminaci\u00f3n fecal del agua en la Cuenca La Antigua apoyada en 33 solicitudes de acceso a la informaci\u00f3n p\u00fablica durante 2022 y 2023 se demostr\u00f3 que existe una contaminaci\u00f3n severa.<\/p>\n<p>Dijeron que de los 39 sitios en la cuenca, 54 por ciento se encuentran bajo la categor\u00eda de contaminada y el 21 fuertemente contaminada.<\/p>\n<p>\u201cLa contaminaci\u00f3n queda documentada por las autoridades desde al menos 2016, una situaci\u00f3n inaceptable y alarmante, que no ha sido atendida\u201d, se\u00f1al\u00f3.<\/p>\n<p>\u201cIntegrantes de PUCARL nos capacitamos como monitores comunitarios del agua; hicimos an\u00e1lisis de calidad de agua en 13 sitios a lo largo de la Cuenca La Antigua entre diciembre de 2023 y abril de 2024, los cuales mostraron que el 100 por ciento de los sitios muestreados tienen una contaminaci\u00f3n fecal severa y preocupante, incluyendo sitios sobre los cuales no exist\u00eda informaci\u00f3n\u201d, agreg\u00f3.<\/p>\n<p>En los arroyos de las partes altas de la cuenca, cerca de comunidades rurales como Teocelo, Xico y Otilpan encontramos valores altos de contaminaci\u00f3n que se disparan cuando pasan por Xalapa y Coatepec, y disminuyen en su flujo a lo largo de la cuenca media y baja.<\/p>\n<p>Adem\u00e1s identificaron contaminaci\u00f3n por agrot\u00f3xicos en la zona de Coatepec y Tlanelhuayocan por la expansi\u00f3n del cultivo de papas que usan agrot\u00f3xicos y que sigue impidiendo la apertura de la escuela primaria Adolfo L\u00f3pez Mateos en la comunidad del Naranjo que cerr\u00f3 en Febrero de 2024 por una intoxicaci\u00f3n masiva de estudiantes y maestras.<\/p>\n<p>\u201cVemos la mayor parte de los cuerpos de agua de los que hay aqu\u00ed contaminados ,muchos de ellos da\u00f1inos a la cercan\u00eda siquiera, tocarlos es peligroso y ni se diga beberlos que ser\u00eda como el horizonte que quisi\u00e9ramos lograr\u201d, coment\u00f3.<\/p>\n<p><img loading=\"lazy\" decoding=\"async\" class=\"alignnone size-medium wp-image-65035\" src=\"https:\/\/encuentroinformativo.com.mx\/wp-content\/uploads\/2025\/03\/IMG-20250322-WA01362-288x300.jpg\" alt=\"\" width=\"288\" height=\"300\" srcset=\"https:\/\/encuentroinformativo.com.mx\/wp-content\/uploads\/2025\/03\/IMG-20250322-WA01362-288x300.jpg 288w, https:\/\/encuentroinformativo.com.mx\/wp-content\/uploads\/2025\/03\/IMG-20250322-WA01362-768x801.jpg 768w, https:\/\/encuentroinformativo.com.mx\/wp-content\/uploads\/2025\/03\/IMG-20250322-WA01362.jpg 838w\" sizes=\"auto, (max-width: 288px) 100vw, 288px\" \/><\/p>\n","protected":false},"excerpt":{"rendered":"<p>Dar\u00edo Pale Xalapa, Ver.- Realizaron una marcha en Xalapa con motivo del D\u00eda Mundial del Agua en defensa de los r\u00edos y otros cuerpos de agua en el estado que son contaminados o que enfrentan extracci\u00f3n de agua con fines comerciales, entre otras problem\u00e1ticas. Organizaciones de las cuencas La Antigua, Actopan y Jamapa marcharon, luego [&hellip;]<\/p>\n","protected":false},"author":2476,"featured_media":65034,"comment_status":"open","ping_status":"open","sticky":false,"template":"","format":"standard","meta":{"_jetpack_memberships_contains_paid_content":false,"footnotes":""},"categories":[3],"tags":[],"class_list":["post-65033","post","type-post","status-publish","format-standard","has-post-thumbnail","hentry","category-xalapa"],"jetpack_featured_media_url":"https:\/\/encuentroinformativo.com.mx\/wp-content\/uploads\/2025\/03\/IMG-20250322-WA0138.jpg","jetpack_sharing_enabled":true,"jetpack_likes_enabled":true,"amp_enabled":true,"_links":{"self":[{"href":"https:\/\/encuentroinformativo.com.mx\/index.php?rest_route=\/wp\/v2\/posts\/65033","targetHints":{"allow":["GET"]}}],"collection":[{"href":"https:\/\/encuentroinformativo.com.mx\/index.php?rest_route=\/wp\/v2\/posts"}],"about":[{"href":"https:\/\/encuentroinformativo.com.mx\/index.php?rest_route=\/wp\/v2\/types\/post"}],"author":[{"embeddable":true,"href":"https:\/\/encuentroinformativo.com.mx\/index.php?rest_route=\/wp\/v2\/users\/2476"}],"replies":[{"embeddable":true,"href":"https:\/\/encuentroinformativo.com.mx\/index.php?rest_route=%2Fwp%2Fv2%2Fcomments&post=65033"}],"version-history":[{"count":1,"href":"https:\/\/encuentroinformativo.com.mx\/index.php?rest_route=\/wp\/v2\/posts\/65033\/revisions"}],"predecessor-version":[{"id":65036,"href":"https:\/\/encuentroinformativo.com.mx\/index.php?rest_route=\/wp\/v2\/posts\/65033\/revisions\/65036"}],"wp:featuredmedia":[{"embeddable":true,"href":"https:\/\/encuentroinformativo.com.mx\/index.php?rest_route=\/wp\/v2\/media\/65034"}],"wp:attachment":[{"href":"https:\/\/encuentroinformativo.com.mx\/index.php?rest_route=%2Fwp%2Fv2%2Fmedia&parent=65033"}],"wp:term":[{"taxonomy":"category","embeddable":true,"href":"https:\/\/encuentroinformativo.com.mx\/index.php?rest_route=%2Fwp%2Fv2%2Fcategories&post=65033"},{"taxonomy":"post_tag","embeddable":true,"href":"https:\/\/encuentroinformativo.com.mx\/index.php?rest_route=%2Fwp%2Fv2%2Ftags&post=65033"}],"curies":[{"name":"wp","href":"https:\/\/api.w.org\/{rel}","templated":true}]}}