{"id":65048,"date":"2025-03-24T12:24:48","date_gmt":"2025-03-24T18:24:48","guid":{"rendered":"https:\/\/encuentroinformativo.com.mx\/?p=65048"},"modified":"2025-03-24T12:24:48","modified_gmt":"2025-03-24T18:24:48","slug":"renuncia-candidata-del-pt-en-la-antigua-por-amenazas","status":"publish","type":"post","link":"https:\/\/encuentroinformativo.com.mx\/?p=65048","title":{"rendered":"Renuncia candidata del PT en La Antigua por amenazas"},"content":{"rendered":"<p><strong>Alejandro \u00c1vila<\/strong><\/p>\n<p>La Antigua, Ver.- La candidata del Partido del Trabajo para la alcald\u00eda de La Antigua, Anell Acevedo, subi\u00f3 un video a sus redes sociales donde expres\u00f3 que se retira de la contienda ante amenazas directas hacia su persona.<\/p>\n<p>Visiblemente consternada, con l\u00e1grimas en los ojos, la activista y pol\u00edtica, narr\u00f3 en un video que a trav\u00e9s de &#8220;mensajes&#8221; fue amenazada para que se salga de contienda a la alcald\u00eda de La Antigua.<\/p>\n<p>La tambi\u00e9n ex presidenta de Canaco en ciudad Cardel, dijo que, este tipo de acciones no es la manera de hacer pol\u00edtica, al mismo tiempo que mencion\u00f3 &#8220;sent\u00edr mucho miedo&#8221; por lo que le dijeron en ese mensaje.<\/p>\n<p>&#8220;Es muy dif\u00edcil, sent\u00ed bastante miedo, porque eso no es pol\u00edtica; la pol\u00edtica de ninguna manera debe de ser bajo amenazas de ning\u00fan tipo a alg\u00fan candidato, aspirante o persona&#8230; es algo muy duro, ustedes saben que tengo familia, tengo a mis hijos&#8221;, expres\u00f3.<\/p>\n<p>Agreg\u00f3 que no dar\u00e1 detalles de la forma y el mensaje que le enviaron, por lo que pidi\u00f3 respeto y compresi\u00f3n a su postura, reiterando que por cuidar su integridad decide &#8220;hacer caso&#8221; a esas &#8220;sugerencias&#8221; de retirarse de la contienda.<\/p>\n<p>Anell Acevedo se hab\u00eda inscrito en el proceso interno de Morena, del cual no sali\u00f3 favorecida, siendo elegido un aspirante con presuntos se\u00f1alamientos de violencia familia, siendo as\u00ed que fue invitada por el PT para el proceso de renovaci\u00f3n de Ayuntamientos.<\/p>\n","protected":false},"excerpt":{"rendered":"<p>Alejandro \u00c1vila La Antigua, Ver.- La candidata del Partido del Trabajo para la alcald\u00eda de La Antigua, Anell Acevedo, subi\u00f3 un video a sus redes sociales donde expres\u00f3 que se retira de la contienda ante amenazas directas hacia su persona. Visiblemente consternada, con l\u00e1grimas en los ojos, la activista y pol\u00edtica, narr\u00f3 en un video [&hellip;]<\/p>\n","protected":false},"author":2476,"featured_media":65049,"comment_status":"open","ping_status":"open","sticky":false,"template":"","format":"standard","meta":{"_jetpack_memberships_contains_paid_content":false,"footnotes":""},"categories":[8],"tags":[],"class_list":["post-65048","post","type-post","status-publish","format-standard","has-post-thumbnail","hentry","category-region"],"jetpack_featured_media_url":"https:\/\/encuentroinformativo.com.mx\/wp-content\/uploads\/2025\/03\/IMG-20250324-WA00862.jpg","jetpack_sharing_enabled":true,"jetpack_likes_enabled":true,"amp_enabled":true,"_links":{"self":[{"href":"https:\/\/encuentroinformativo.com.mx\/index.php?rest_route=\/wp\/v2\/posts\/65048","targetHints":{"allow":["GET"]}}],"collection":[{"href":"https:\/\/encuentroinformativo.com.mx\/index.php?rest_route=\/wp\/v2\/posts"}],"about":[{"href":"https:\/\/encuentroinformativo.com.mx\/index.php?rest_route=\/wp\/v2\/types\/post"}],"author":[{"embeddable":true,"href":"https:\/\/encuentroinformativo.com.mx\/index.php?rest_route=\/wp\/v2\/users\/2476"}],"replies":[{"embeddable":true,"href":"https:\/\/encuentroinformativo.com.mx\/index.php?rest_route=%2Fwp%2Fv2%2Fcomments&post=65048"}],"version-history":[{"count":1,"href":"https:\/\/encuentroinformativo.com.mx\/index.php?rest_route=\/wp\/v2\/posts\/65048\/revisions"}],"predecessor-version":[{"id":65050,"href":"https:\/\/encuentroinformativo.com.mx\/index.php?rest_route=\/wp\/v2\/posts\/65048\/revisions\/65050"}],"wp:featuredmedia":[{"embeddable":true,"href":"https:\/\/encuentroinformativo.com.mx\/index.php?rest_route=\/wp\/v2\/media\/65049"}],"wp:attachment":[{"href":"https:\/\/encuentroinformativo.com.mx\/index.php?rest_route=%2Fwp%2Fv2%2Fmedia&parent=65048"}],"wp:term":[{"taxonomy":"category","embeddable":true,"href":"https:\/\/encuentroinformativo.com.mx\/index.php?rest_route=%2Fwp%2Fv2%2Fcategories&post=65048"},{"taxonomy":"post_tag","embeddable":true,"href":"https:\/\/encuentroinformativo.com.mx\/index.php?rest_route=%2Fwp%2Fv2%2Ftags&post=65048"}],"curies":[{"name":"wp","href":"https:\/\/api.w.org\/{rel}","templated":true}]}}