{"id":65057,"date":"2025-03-24T13:06:07","date_gmt":"2025-03-24T19:06:07","guid":{"rendered":"https:\/\/encuentroinformativo.com.mx\/?p=65057"},"modified":"2025-03-24T13:06:07","modified_gmt":"2025-03-24T19:06:07","slug":"en-casos-de-custodia-la-voz-de-ninas-y-ninos-debe-ser-escuchada","status":"publish","type":"post","link":"https:\/\/encuentroinformativo.com.mx\/?p=65057","title":{"rendered":"En casos de custodia, la voz de ni\u00f1as y ni\u00f1os debe ser escuchada"},"content":{"rendered":"<p><strong>Alejandro \u00c1vila<\/strong><\/p>\n<p>Veracruz, Ver.- Ante la discusi\u00f3n p\u00fablica generada por el caso de la actriz Maribel Guardia y la custodia de su nieto, Daniela del Carmen Su\u00e1rez de los Santos, jurista especializada en derechos humanos e integrante del Primer Tribunal Colegiado en Materia Penal en Boca del R\u00edo, explic\u00f3 que en los juicios de custodia, las y los jueces tienen la obligaci\u00f3n legal de escuchar la opini\u00f3n de ni\u00f1as, ni\u00f1os y adolescentes, garantizando siempre su protecci\u00f3n y evitando su revictimizaci\u00f3n.<\/p>\n<p>&#8220;Ya esa decisi\u00f3n se va a determinar viendo que es lo mejor para el ni\u00f1o, y tambi\u00e9n considerando la edad del ni\u00f1o, escuch\u00e1ndolo, antes se cre\u00eda que los menores no sab\u00edan que era lo mejor para ellos o que no se les deb\u00eda de escuchar, actualmente eso ya cambi\u00f3, de hecho hay una obligaci\u00f3n de los jueces que deben por regla oficial escuchar a los menores, obviamente sin revictimizarlos, cuidando todas las medidas al respecto, pero el ni\u00f1o tiene que dar su opini\u00f3n en ese juicio, y yo considero que el Juez que resuelva pues ser\u00e1n diligencias que ordenar\u00e1 en su momento&#8221;, expres\u00f3.<\/p>\n<p>La especialista subray\u00f3 que la visi\u00f3n tradicional que ignoraba la voluntad de las infancias ha sido superada. Hoy, tanto la ley como los tratados internacionales reconocen su derecho a participar activamente en los procesos que les afectan.<\/p>\n<p>\u201cYa no estamos en una \u00e9poca en la que se cre\u00eda que ni\u00f1as y ni\u00f1os no sab\u00edan lo que quer\u00edan o que era mejor excluirlos. Ahora la justicia debe reconocer su capacidad de expresar deseos, emociones y necesidades, siempre de acuerdo con su edad y madurez\u201d, indic\u00f3.<\/p>\n<p>Consultada sobre el caso que involucra a la actriz, Su\u00e1rez de los Santos fue clara: es dif\u00edcil emitir una opini\u00f3n sin conocer a fondo el expediente, pero se\u00f1al\u00f3 que, dadas las circunstancias particulares, es fundamental que el ni\u00f1o contin\u00fae teniendo contacto y v\u00ednculos con su familia paterna, especialmente despu\u00e9s del reciente fallecimiento de su padre.<\/p>\n<p>\u201cLa convivencia con su familia paterna puede ser crucial para su bienestar emocional. Pero lo m\u00e1s importante es que todo se resuelva conforme al inter\u00e9s superior del ni\u00f1o, y estoy segura de que eso es lo que valorar\u00e1 el juez o la jueza al momento de dictar sentencia\u201d, subray\u00f3.<\/p>\n<p>La integrante del Poder Judicial record\u00f3 que, aunque la custodia suele recaer en madres o padres, existen situaciones excepcionales en las que la autoridad judicial puede otorgarla a otros familiares, cuando as\u00ed lo requiera la protecci\u00f3n integral de la ni\u00f1a o el ni\u00f1o.<\/p>\n<p>\u201cSi se pone en riesgo la integridad f\u00edsica, emocional o psicol\u00f3gica de una ni\u00f1a o ni\u00f1o, la custodia puede ser otorgada a una persona distinta a las madres o padres. Pero cada decisi\u00f3n debe estar centrada en su inter\u00e9s superior, no en los conflictos entre personas adultas\u201d, enfatiz\u00f3.<\/p>\n<p>Asimismo, insisti\u00f3 en que el papel de las personas adultas involucradas debe ser proteger los derechos y la estabilidad emocional de las infancias, no arrastrarlas a disputas que no les corresponden.<\/p>\n<p>\u201cEl bienestar de ni\u00f1as y ni\u00f1os no puede ponerse en juego por desacuerdos familiares. Los conflictos de personas adultas no deben convertirse en cargas emocionales para ellas y ellos. Por eso es indispensable una justicia con perspectiva de infancia, imparcial pero no indiferente\u201d, concluy\u00f3.<\/p>\n","protected":false},"excerpt":{"rendered":"<p>Alejandro \u00c1vila Veracruz, Ver.- Ante la discusi\u00f3n p\u00fablica generada por el caso de la actriz Maribel Guardia y la custodia de su nieto, Daniela del Carmen Su\u00e1rez de los Santos, jurista especializada en derechos humanos e integrante del Primer Tribunal Colegiado en Materia Penal en Boca del R\u00edo, explic\u00f3 que en los juicios de custodia, [&hellip;]<\/p>\n","protected":false},"author":2476,"featured_media":65058,"comment_status":"open","ping_status":"open","sticky":false,"template":"","format":"standard","meta":{"_jetpack_memberships_contains_paid_content":false,"footnotes":""},"categories":[2],"tags":[],"class_list":["post-65057","post","type-post","status-publish","format-standard","has-post-thumbnail","hentry","category-estado"],"jetpack_featured_media_url":"https:\/\/encuentroinformativo.com.mx\/wp-content\/uploads\/2025\/03\/IMG-20250324-WA0103-scaled.jpg","jetpack_sharing_enabled":true,"jetpack_likes_enabled":true,"amp_enabled":true,"_links":{"self":[{"href":"https:\/\/encuentroinformativo.com.mx\/index.php?rest_route=\/wp\/v2\/posts\/65057","targetHints":{"allow":["GET"]}}],"collection":[{"href":"https:\/\/encuentroinformativo.com.mx\/index.php?rest_route=\/wp\/v2\/posts"}],"about":[{"href":"https:\/\/encuentroinformativo.com.mx\/index.php?rest_route=\/wp\/v2\/types\/post"}],"author":[{"embeddable":true,"href":"https:\/\/encuentroinformativo.com.mx\/index.php?rest_route=\/wp\/v2\/users\/2476"}],"replies":[{"embeddable":true,"href":"https:\/\/encuentroinformativo.com.mx\/index.php?rest_route=%2Fwp%2Fv2%2Fcomments&post=65057"}],"version-history":[{"count":1,"href":"https:\/\/encuentroinformativo.com.mx\/index.php?rest_route=\/wp\/v2\/posts\/65057\/revisions"}],"predecessor-version":[{"id":65059,"href":"https:\/\/encuentroinformativo.com.mx\/index.php?rest_route=\/wp\/v2\/posts\/65057\/revisions\/65059"}],"wp:featuredmedia":[{"embeddable":true,"href":"https:\/\/encuentroinformativo.com.mx\/index.php?rest_route=\/wp\/v2\/media\/65058"}],"wp:attachment":[{"href":"https:\/\/encuentroinformativo.com.mx\/index.php?rest_route=%2Fwp%2Fv2%2Fmedia&parent=65057"}],"wp:term":[{"taxonomy":"category","embeddable":true,"href":"https:\/\/encuentroinformativo.com.mx\/index.php?rest_route=%2Fwp%2Fv2%2Fcategories&post=65057"},{"taxonomy":"post_tag","embeddable":true,"href":"https:\/\/encuentroinformativo.com.mx\/index.php?rest_route=%2Fwp%2Fv2%2Ftags&post=65057"}],"curies":[{"name":"wp","href":"https:\/\/api.w.org\/{rel}","templated":true}]}}