{"id":65063,"date":"2025-03-24T13:25:00","date_gmt":"2025-03-24T19:25:00","guid":{"rendered":"https:\/\/encuentroinformativo.com.mx\/?p=65063"},"modified":"2025-03-24T13:25:00","modified_gmt":"2025-03-24T19:25:00","slug":"se-sancionara-mas-fuerte-delito-de-extorsion-gobernadora","status":"publish","type":"post","link":"https:\/\/encuentroinformativo.com.mx\/?p=65063","title":{"rendered":"Se sancionar\u00e1 m\u00e1s fuerte delito de extorsi\u00f3n: Gobernadora"},"content":{"rendered":"<p><strong>Dar\u00edo Pale<\/strong><\/p>\n<p>Xalapa, Ver.- La gobernadora de Veracruz, Roc\u00edo Nahle Garc\u00eda defini\u00f3 que el delito de la extorsi\u00f3n debe ser sancionado de una forma m\u00e1s fuerte, esto por los hechos que se registraron en d\u00edas pasados en Minatitl\u00e1n con un empresario que hizo justicia por su propia mano.<\/p>\n<p>En entrevista con una radio local se\u00f1al\u00f3, &#8220;tenemos que endurecer, porque es un delito fuerte y lo m\u00e1s sagrado que tiene un individuo es su libertad y su independencia y la extorsi\u00f3n en todo sentido se tiene que castigar m\u00e1s fuerte&#8221;.<\/p>\n<p>Lament\u00f3 lo ocurrido con el empresario, pero su administraci\u00f3n trabaja todos los d\u00edas para tratar de combatir la inseguridad.<\/p>\n<p>&#8220;Vamos a trabajar con la Fiscal\u00eda del Estado para ver este tema y darle la garant\u00eda y los derechos constitucionales que tiene la persona, no s\u00e9 en qu\u00e9 haya incurrido&#8221;, se\u00f1al\u00f3.<\/p>\n<p>Por lo que tras los hechos ocurridos en el municipio de Minatitl\u00e1n, en contra de un empresario, la gobernadora defini\u00f3 que el delito de extorsi\u00f3n se debe sancionar de manera m\u00e1s severa.<\/p>\n<p>Adelant\u00f3 que este lunes, durante la Mesa de Seguridad que se celebrar\u00eda en el municipio de Mart\u00ednez de la Torre, se revisar\u00eda el caso del empresario quien denunci\u00f3 que llevaba meses siendo extorsionado.<\/p>\n<p>Hay que recordar que la noche del s\u00e1bado, el due\u00f1o del bar &#8220;Jalisquito&#8221; de Minatitl\u00e1n, public\u00f3 un v\u00eddeo del ataque que sufri\u00f3 el viernes por la noche, explic\u00f3 que debido a que no accedi\u00f3 a seguir siendo extorsionado fue atacado.<\/p>\n<p>Finalmente en ese sentido, la Mandataria manifest\u00f3 que ya se inici\u00f3 una carpeta de investigaci\u00f3n por parte de la Fiscal\u00eda General del Estado.<\/p>\n","protected":false},"excerpt":{"rendered":"<p>Dar\u00edo Pale Xalapa, Ver.- La gobernadora de Veracruz, Roc\u00edo Nahle Garc\u00eda defini\u00f3 que el delito de la extorsi\u00f3n debe ser sancionado de una forma m\u00e1s fuerte, esto por los hechos que se registraron en d\u00edas pasados en Minatitl\u00e1n con un empresario que hizo justicia por su propia mano. En entrevista con una radio local se\u00f1al\u00f3, [&hellip;]<\/p>\n","protected":false},"author":2476,"featured_media":65064,"comment_status":"open","ping_status":"open","sticky":false,"template":"","format":"standard","meta":{"_jetpack_memberships_contains_paid_content":false,"footnotes":""},"categories":[2],"tags":[],"class_list":["post-65063","post","type-post","status-publish","format-standard","has-post-thumbnail","hentry","category-estado"],"jetpack_featured_media_url":"https:\/\/encuentroinformativo.com.mx\/wp-content\/uploads\/2025\/03\/IMG-20250324-WA00882.jpg","jetpack_sharing_enabled":true,"jetpack_likes_enabled":true,"amp_enabled":true,"_links":{"self":[{"href":"https:\/\/encuentroinformativo.com.mx\/index.php?rest_route=\/wp\/v2\/posts\/65063","targetHints":{"allow":["GET"]}}],"collection":[{"href":"https:\/\/encuentroinformativo.com.mx\/index.php?rest_route=\/wp\/v2\/posts"}],"about":[{"href":"https:\/\/encuentroinformativo.com.mx\/index.php?rest_route=\/wp\/v2\/types\/post"}],"author":[{"embeddable":true,"href":"https:\/\/encuentroinformativo.com.mx\/index.php?rest_route=\/wp\/v2\/users\/2476"}],"replies":[{"embeddable":true,"href":"https:\/\/encuentroinformativo.com.mx\/index.php?rest_route=%2Fwp%2Fv2%2Fcomments&post=65063"}],"version-history":[{"count":1,"href":"https:\/\/encuentroinformativo.com.mx\/index.php?rest_route=\/wp\/v2\/posts\/65063\/revisions"}],"predecessor-version":[{"id":65065,"href":"https:\/\/encuentroinformativo.com.mx\/index.php?rest_route=\/wp\/v2\/posts\/65063\/revisions\/65065"}],"wp:featuredmedia":[{"embeddable":true,"href":"https:\/\/encuentroinformativo.com.mx\/index.php?rest_route=\/wp\/v2\/media\/65064"}],"wp:attachment":[{"href":"https:\/\/encuentroinformativo.com.mx\/index.php?rest_route=%2Fwp%2Fv2%2Fmedia&parent=65063"}],"wp:term":[{"taxonomy":"category","embeddable":true,"href":"https:\/\/encuentroinformativo.com.mx\/index.php?rest_route=%2Fwp%2Fv2%2Fcategories&post=65063"},{"taxonomy":"post_tag","embeddable":true,"href":"https:\/\/encuentroinformativo.com.mx\/index.php?rest_route=%2Fwp%2Fv2%2Ftags&post=65063"}],"curies":[{"name":"wp","href":"https:\/\/api.w.org\/{rel}","templated":true}]}}