{"id":65082,"date":"2025-03-24T22:40:16","date_gmt":"2025-03-25T04:40:16","guid":{"rendered":"https:\/\/encuentroinformativo.com.mx\/?p=65082"},"modified":"2025-03-24T22:40:16","modified_gmt":"2025-03-25T04:40:16","slug":"alcalde-jm-unanue-reafirma-su-compromiso-con-la-educacion-de-boca-del-rio","status":"publish","type":"post","link":"https:\/\/encuentroinformativo.com.mx\/?p=65082","title":{"rendered":"Alcalde JM Un\u00e1nue reafirma su compromiso con la educaci\u00f3n de Boca del R\u00edo"},"content":{"rendered":"<p><strong>* Este lunes puso en marcha el programa \u201cActo C\u00edvico en tu Escuela\u201d, siendo la Primaria Benito Ju\u00e1rez Garc\u00eda la primera en visitar.<\/strong><\/p>\n<p>Boca del R\u00edo, Ver.- La ma\u00f1ana de este lunes, el alcalde de Boca del R\u00edo, Juan Manuel Un\u00e1nue Abascal, encabez\u00f3 el Acto C\u00edvico en la escuela m\u00e1s antigua de Boca del R\u00edo, la Primaria Benito Ju\u00e1rez Garc\u00eda, anunciando adem\u00e1s que a partir de esta fecha, cada lunes visitar\u00e1 un plantel educativo con el programa \u201cActo C\u00edvico en tu Escuela\u201d.<\/p>\n<p>\u201cSeguimos cerca de nuestra comunidad educativa reafirmando nuestro compromiso con la educaci\u00f3n; porque apoyar la ni\u00f1ez es construir un mejor futuro para nuestra ciudad\u201d, destac\u00f3 el edil ante alumnos y padres de familia.<\/p>\n<p>Con c\u00e1lido recibimiento por la comunidad estudiantil, se realizaron los respectivos Honores a la Bandera, adem\u00e1s de dar lectura a la semblanza por el Natalicio del expresidente Benito Ju\u00e1rez, acompa\u00f1ado de un baile representativo a la primavera.<\/p>\n<p>Asimismo, el Presidente Municipal hizo entrega de material deportivo para que los estudiantes realicen sus actividades recreativas en su horario de esparcimiento o dentro de alguna clase.<\/p>\n<p>Por otra parte, Un\u00e1nue Abascal comparti\u00f3 un mensaje detallando su compromiso con las autoridades educativas y con el alumnado, lo que contempla la rehabilitaci\u00f3n de su cancha de basquetbol, la cual estrenar\u00e1 pintura y tableros nuevos.<\/p>\n<p>Maritza Mercedes Salazar Z\u00fa\u00f1iga, directora de la Escuela Primaria Benito Ju\u00e1rez Garc\u00eda, agradeci\u00f3 al mun\u00edcipe boque\u00f1o por su visita.<\/p>\n<p>\u201cReconociendo siempre su trabajo y apoyo con los peque\u00f1os, y perm\u00edtame reconocer que el trabajo ha sido arduo y bastante notable en nuestro municipio\u201d, expres\u00f3 la directora.<\/p>\n<p>El ejecutivo Municipal agreg\u00f3 que con el programa \u201cActo C\u00edvico en tu Escuela\u201d, su administraci\u00f3n conocer\u00e1 de primera mano la problem\u00e1tica de los planteles p\u00fablicos y del c\u00f3mo se les podr\u00e1 ayudar para su mejor\u00eda.<\/p>\n<p>Finalmente, Juan Manuel Un\u00e1nue Abascal, record\u00f3 que en los 39 meses de su gobierno ha entregado aires acondicionados a escuelas p\u00fablicas de la ciudad, as\u00ed como computadoras y domos, entre otros apoyos.<\/p>\n<p>En el Acto C\u00edvico estuvieron presentes Mariano M\u00e9ndez Corona, Supervisor Escolar Zona 18, Boca del R\u00edo, Paola Ortiz, Secretar\u00eda de la Asociaci\u00f3n de Padres de Familia, Silvia Pe\u00f1a Rico Panzzi, Regidora Cuarta, Judith Pineda Andrade, Secretaria del Ayuntamiento de Boca del R\u00edo y Guillermo Gonzalo Aguilera Aguirre, Director de Educaci\u00f3n de Boca del R\u00edo.<\/p>\n<p><img loading=\"lazy\" decoding=\"async\" class=\"alignnone size-medium wp-image-65084\" src=\"https:\/\/encuentroinformativo.com.mx\/wp-content\/uploads\/2025\/03\/IMG-20250324-WA0352-300x200.jpg\" alt=\"\" width=\"300\" height=\"200\" srcset=\"https:\/\/encuentroinformativo.com.mx\/wp-content\/uploads\/2025\/03\/IMG-20250324-WA0352-300x200.jpg 300w, https:\/\/encuentroinformativo.com.mx\/wp-content\/uploads\/2025\/03\/IMG-20250324-WA0352-1024x683.jpg 1024w, https:\/\/encuentroinformativo.com.mx\/wp-content\/uploads\/2025\/03\/IMG-20250324-WA0352-768x512.jpg 768w, https:\/\/encuentroinformativo.com.mx\/wp-content\/uploads\/2025\/03\/IMG-20250324-WA0352.jpg 1280w\" sizes=\"auto, (max-width: 300px) 100vw, 300px\" \/><\/p>\n","protected":false},"excerpt":{"rendered":"<p>* Este lunes puso en marcha el programa \u201cActo C\u00edvico en tu Escuela\u201d, siendo la Primaria Benito Ju\u00e1rez Garc\u00eda la primera en visitar. Boca del R\u00edo, Ver.- La ma\u00f1ana de este lunes, el alcalde de Boca del R\u00edo, Juan Manuel Un\u00e1nue Abascal, encabez\u00f3 el Acto C\u00edvico en la escuela m\u00e1s antigua de Boca del R\u00edo, [&hellip;]<\/p>\n","protected":false},"author":2476,"featured_media":65083,"comment_status":"open","ping_status":"open","sticky":false,"template":"","format":"standard","meta":{"_jetpack_memberships_contains_paid_content":false,"footnotes":""},"categories":[2],"tags":[],"class_list":["post-65082","post","type-post","status-publish","format-standard","has-post-thumbnail","hentry","category-estado"],"jetpack_featured_media_url":"https:\/\/encuentroinformativo.com.mx\/wp-content\/uploads\/2025\/03\/IMG-20250324-WA0354.jpg","jetpack_sharing_enabled":true,"jetpack_likes_enabled":true,"amp_enabled":true,"_links":{"self":[{"href":"https:\/\/encuentroinformativo.com.mx\/index.php?rest_route=\/wp\/v2\/posts\/65082","targetHints":{"allow":["GET"]}}],"collection":[{"href":"https:\/\/encuentroinformativo.com.mx\/index.php?rest_route=\/wp\/v2\/posts"}],"about":[{"href":"https:\/\/encuentroinformativo.com.mx\/index.php?rest_route=\/wp\/v2\/types\/post"}],"author":[{"embeddable":true,"href":"https:\/\/encuentroinformativo.com.mx\/index.php?rest_route=\/wp\/v2\/users\/2476"}],"replies":[{"embeddable":true,"href":"https:\/\/encuentroinformativo.com.mx\/index.php?rest_route=%2Fwp%2Fv2%2Fcomments&post=65082"}],"version-history":[{"count":1,"href":"https:\/\/encuentroinformativo.com.mx\/index.php?rest_route=\/wp\/v2\/posts\/65082\/revisions"}],"predecessor-version":[{"id":65085,"href":"https:\/\/encuentroinformativo.com.mx\/index.php?rest_route=\/wp\/v2\/posts\/65082\/revisions\/65085"}],"wp:featuredmedia":[{"embeddable":true,"href":"https:\/\/encuentroinformativo.com.mx\/index.php?rest_route=\/wp\/v2\/media\/65083"}],"wp:attachment":[{"href":"https:\/\/encuentroinformativo.com.mx\/index.php?rest_route=%2Fwp%2Fv2%2Fmedia&parent=65082"}],"wp:term":[{"taxonomy":"category","embeddable":true,"href":"https:\/\/encuentroinformativo.com.mx\/index.php?rest_route=%2Fwp%2Fv2%2Fcategories&post=65082"},{"taxonomy":"post_tag","embeddable":true,"href":"https:\/\/encuentroinformativo.com.mx\/index.php?rest_route=%2Fwp%2Fv2%2Ftags&post=65082"}],"curies":[{"name":"wp","href":"https:\/\/api.w.org\/{rel}","templated":true}]}}