{"id":65105,"date":"2025-03-25T13:50:14","date_gmt":"2025-03-25T19:50:14","guid":{"rendered":"https:\/\/encuentroinformativo.com.mx\/?p=65105"},"modified":"2025-03-25T13:50:14","modified_gmt":"2025-03-25T19:50:14","slug":"acusan-desalojo-violento-en-fraccionamiento-ecologico","status":"publish","type":"post","link":"https:\/\/encuentroinformativo.com.mx\/?p=65105","title":{"rendered":"Acusan desalojo violento en &#8220;fraccionamiento ecol\u00f3gico&#8221;"},"content":{"rendered":"<p><strong>Dar\u00edo Pale<\/strong><\/p>\n<p>Xalapa, Ver.- El se\u00f1or Rafael V\u00e1squez V\u00e1squez habitante del \u201cFraccionamiento Ecol\u00f3gico y Popular Las Minas A.C.\u201d acompa\u00f1ados de otros vecinos marcharon por las principales calles de la ciudad de Xalapa y cerraron la calle de Enr\u00edquez para denunciar que fueron desalojados con violencia del predio por lo que exigen a la Fiscal\u00eda General del Estado (FGE), que atienda su denuncia por el despojo.<\/p>\n<p>En entrevista se\u00f1al\u00f3 que est\u00e1n solicitando a la FGE d\u00e9 seguimiento a la denuncia que presentaron por despojo en contra de un particular en 2024, ya que acusaron que ingresaron a sus hogares para intentar sacarlos del terreno por el cual, aseguran, pagaron desde hace 25 a\u00f1os.<\/p>\n<p>Por lo cual realizaron una marcha y bloquearon la calle de Enr\u00edquez \u201csabemos que las movilizaciones afectan a terceros, desafortunadamente nosotros estamos obligados a hacerlo porque el asunto de nuestra movilizaci\u00f3n son varias las causas, la principal es la corrupci\u00f3n que prevalece en la fiscal\u00eda, nosotros somos ecologistas, somos ambientalistas, compramos un terreno hace 25 a\u00f1os para hacer una colonia ecol\u00f3gica, todos los compa\u00f1eros est\u00e1n haciendo sus casas con ecotecnias, somos sectores populares, somos gente de empleadas dom\u00e9sticas, est\u00e1n aprendiendo a separar la basura, a reciclar el agua, a tratar las aguas jabonosas, a ahorrar el agua\u201d.<\/p>\n<p>\u201cHace 25 a\u00f1os, nos lo vendi\u00f3 un ejidatario de nombre Timoteo Bartolo Mej\u00eda Jim\u00e9nez, \u00e9l tiene un hijo, o ten\u00eda un hijo pero ya falleci\u00f3, ten\u00eda un hijo de nombre F\u00e9lix Eloy Mej\u00eda D\u00edaz, \u00e9l era el que firmaba los recibos que le pag\u00e1bamos, le abon\u00e1bamos del terreno, en el 2023, el hijo de don Timoteo nos demand\u00f3 por despojo\u201d, se\u00f1al\u00f3.<\/p>\n<p>Coment\u00f3 que lamentablemente tras el fallecimiento de su padre en 2023 interpuso una denuncia contra ellos por despojo por lo que en el 2024, y aunque explic\u00f3 que mostraron ante la autoridad que ten\u00edan la posesi\u00f3n leg\u00edtima y legal, Mej\u00eda D\u00edaz y personas armadas ingresaron en sus viviendas por lo que denunciaron el despojo ante la Fiscal\u00eda y es esta la denuncia que no avanza.<\/p>\n<p>\u201cEn mayo de 2024, \u00e9l junto con un grupo de personas armadas con machetes y usando herramienta de alba\u00f1iler\u00eda, intimidaron a los vecinos de la colonia apoyados por una patrulla de la Polic\u00eda municipal, se metieron con lujo de violencia a nuestro terreno y hasta cerraron casas&#8221;, coment\u00f3.<\/p>\n<p>Acus\u00f3 que aunque presentaron la denuncia correspondiente y presentaron las pruebas, la FGE no ha actuado.<\/p>\n<p>Expuso que en el primer intento de audiencia fue el 13 diciembre de 2024, se presentaron y la defensa dijo que no se le hab\u00eda entregado la carpeta y se pospuso la audiencia, la fijaron para el 5 de febrero y no se present\u00f3 el principal indiciado argumentando una incapacidad m\u00e9dica.<\/p>\n<p>Agreg\u00f3 que posterior a ello volvieron a posponer la audiencia al 25 de febrero y quitaron al fiscal y pusieron a otro que no conoc\u00eda la carpeta; a esa audiencia no lleg\u00f3 ni el fiscal ni los indiciados.<\/p>\n<p>&#8220;Nos dejaron sin defensa y no lleg\u00f3 ninguno de los indiciados, est\u00e1n tratando de no hacer justicia. Ya presentamos un documento a la Secretar\u00eda de Gobernaci\u00f3n para destrabar el asunto y no recibimos respuesta&#8221;, acuso.<\/p>\n<p>Los quejosos marcharon hacia plaza Lerdo y bloquearon el centro de la ciudad para pedir soluciones a su caso.<\/p>\n","protected":false},"excerpt":{"rendered":"<p>Dar\u00edo Pale Xalapa, Ver.- El se\u00f1or Rafael V\u00e1squez V\u00e1squez habitante del \u201cFraccionamiento Ecol\u00f3gico y Popular Las Minas A.C.\u201d acompa\u00f1ados de otros vecinos marcharon por las principales calles de la ciudad de Xalapa y cerraron la calle de Enr\u00edquez para denunciar que fueron desalojados con violencia del predio por lo que exigen a la Fiscal\u00eda General [&hellip;]<\/p>\n","protected":false},"author":2476,"featured_media":65106,"comment_status":"open","ping_status":"open","sticky":false,"template":"","format":"standard","meta":{"_jetpack_memberships_contains_paid_content":false,"footnotes":""},"categories":[3],"tags":[],"class_list":["post-65105","post","type-post","status-publish","format-standard","has-post-thumbnail","hentry","category-xalapa"],"jetpack_featured_media_url":"https:\/\/encuentroinformativo.com.mx\/wp-content\/uploads\/2025\/03\/IMG-20250325-WA0225.jpg","jetpack_sharing_enabled":true,"jetpack_likes_enabled":true,"amp_enabled":true,"_links":{"self":[{"href":"https:\/\/encuentroinformativo.com.mx\/index.php?rest_route=\/wp\/v2\/posts\/65105","targetHints":{"allow":["GET"]}}],"collection":[{"href":"https:\/\/encuentroinformativo.com.mx\/index.php?rest_route=\/wp\/v2\/posts"}],"about":[{"href":"https:\/\/encuentroinformativo.com.mx\/index.php?rest_route=\/wp\/v2\/types\/post"}],"author":[{"embeddable":true,"href":"https:\/\/encuentroinformativo.com.mx\/index.php?rest_route=\/wp\/v2\/users\/2476"}],"replies":[{"embeddable":true,"href":"https:\/\/encuentroinformativo.com.mx\/index.php?rest_route=%2Fwp%2Fv2%2Fcomments&post=65105"}],"version-history":[{"count":1,"href":"https:\/\/encuentroinformativo.com.mx\/index.php?rest_route=\/wp\/v2\/posts\/65105\/revisions"}],"predecessor-version":[{"id":65107,"href":"https:\/\/encuentroinformativo.com.mx\/index.php?rest_route=\/wp\/v2\/posts\/65105\/revisions\/65107"}],"wp:featuredmedia":[{"embeddable":true,"href":"https:\/\/encuentroinformativo.com.mx\/index.php?rest_route=\/wp\/v2\/media\/65106"}],"wp:attachment":[{"href":"https:\/\/encuentroinformativo.com.mx\/index.php?rest_route=%2Fwp%2Fv2%2Fmedia&parent=65105"}],"wp:term":[{"taxonomy":"category","embeddable":true,"href":"https:\/\/encuentroinformativo.com.mx\/index.php?rest_route=%2Fwp%2Fv2%2Fcategories&post=65105"},{"taxonomy":"post_tag","embeddable":true,"href":"https:\/\/encuentroinformativo.com.mx\/index.php?rest_route=%2Fwp%2Fv2%2Ftags&post=65105"}],"curies":[{"name":"wp","href":"https:\/\/api.w.org\/{rel}","templated":true}]}}