{"id":6511,"date":"2020-10-05T07:31:34","date_gmt":"2020-10-05T12:31:34","guid":{"rendered":"https:\/\/encuentroinformativo.com.mx\/?p=6511"},"modified":"2020-10-05T00:46:39","modified_gmt":"2020-10-05T05:46:39","slug":"reconciliacion-es-la-palabra","status":"publish","type":"post","link":"https:\/\/encuentroinformativo.com.mx\/?p=6511","title":{"rendered":"RECONCILIACI\u00d3N ES LA PALABRA"},"content":{"rendered":"\n<p><strong>+ Que se cancelar\u00eda elecci\u00f3n de la dirigencia de Morena.<\/strong><\/p>\n\n\n\n<p><strong>+ Tambi\u00e9n encapsularon marcha feminista en C\u00f3rdoba.<\/strong><\/p>\n\n\n\n<p><strong>+ Que no va a haber secretarios-candidatos: Cuitl\u00e1huac.<\/strong><\/p>\n\n\n\n<p><strong>+ Alcaldesa suplente de Moloac\u00e1n, tambi\u00e9n grave de Covid.<\/strong><\/p>\n\n\n\n<p class=\"has-text-align-right\"><strong><em>La mera verdad&#8230; Es que no hizo falta la lluvia.<\/em><\/strong><\/p>\n\n\n\n<p class=\"has-text-align-right\"><strong><em>&#8211;Chopenjawer.<\/em><\/strong><\/p>\n\n\n\n<p>El presidente Andr\u00e9s Manuel L\u00f3pez Obrador ha insistido en algo que aparentemente suena descabellado, pero que finalmente no est\u00e1 fuera de l\u00f3gica, porque ya se ha hecho antes.<\/p>\n\n\n\n<p>Me refiero al perd\u00f3n que tendr\u00eda que solicitar el Rey de Espa\u00f1a por los abusos en la conquista contra los pueblos ind\u00edgenas, algo similar a lo que hizo el papa Juan Pablo II, cuando pidi\u00f3 perd\u00f3n en junio de 2004 &#8212; con siete siglos de atraso, por cierto&#8211; por los horrores cometidos durante la Inquisici\u00f3n.<\/p>\n\n\n\n<p>AMLO ha insistido en ese tema y la verdad es que se ha prestado m\u00e1s a burlas que a una petici\u00f3n en serio. Ya sabe, los mexicanos lo tomamos todo a chunga.<\/p>\n\n\n\n<p>Por otra parte, diputados de Guanajuato han pedido tambi\u00e9n que sean repatriados los restos de Porfirio D\u00edaz, el ilustre oaxaque\u00f1o que la historia oficial nos quiso vender siempre como el dictador hijo de toda su tapudrema, pero que en los \u00faltimos a\u00f1os (por lo menos en el imaginario colectivo) se ha reivindicado por la manera en que poco a poco se han desmitificado tanto los h\u00e9roes como los villanos mexicanos que nos dej\u00f3 como legado el priato.<\/p>\n\n\n\n<p>Bajo esa l\u00f3gica, pienso que con la repatriaci\u00f3n de los restos de Porfirio D\u00edaz, tambi\u00e9n \u00e9ste merecer\u00eda que se le ofreciera una disculpa a su familia por la manera tan injusta en que la historia mexicana conden\u00f3 al viejo militar. Que el estado mexicano tambi\u00e9n permitiera que uno de los hijos de este pa\u00eds tenga derecho a venir a descansar a su patria, aunque sea poco m\u00e1s de un siglo despu\u00e9s.<\/p>\n\n\n\n<p>Si la idea del presidente es la reconciliaci\u00f3n como un sentimiento de armon\u00eda para que todos los mexicanos ya estemos en santa paz, y si se pide a Espa\u00f1a que se disculpe, como mexicanos (incluido el presidente) tendr\u00edamos que perdonar tambi\u00e9n a Porfirio D\u00edaz y entender que en su momento hizo lo que ten\u00eda que hacer ante un pa\u00eds bastante complejo que apenas estaba forj\u00e1ndose.<\/p>\n\n\n\n<p>Quiz\u00e1s lo anterior causa corto circuito en el presidente, por aquello de que se considera un juarista de hueso colorado, pero tambi\u00e9n podr\u00eda demostrar que puede ser m\u00e1s generoso que sus filias y fobias.<\/p>\n\n\n\n<p><strong>NOTA PARA PEGAR EN EL REFRI:<\/strong> Lo informa el portal Versiones: &#8220;De acuerdo con un proyecto del Tribunal Electoral del Poder Judicial de la Federaci\u00f3n (TEPJF), se suspender\u00eda el proceso de renovaci\u00f3n de la dirigencia de Morena, por lo que la elecci\u00f3n ser\u00eda hasta despu\u00e9s de que concluya el proceso electoral 2020-2021. Lo anterior fue replicado por el legislador de Morena, Mario Delgado, quien comparti\u00f3 el proyecto de sentencia del TEPJF, con lo cual tambi\u00e9n confirm\u00f3 que la encuesta para la dirigencia de Morena se cancelar\u00eda&#8221;.<\/p>\n\n\n\n<p><strong>OTRA NOTA: <\/strong>Se volvieron a aplicar los muchachitos de la SSP y en una marcha que se realiz\u00f3 este fin de semana en la ciudad de C\u00f3rdoba, organizada por grupos de feministas, se apostaron en las calles para evitar desmanes y actos vand\u00e1licos de la que nunca falta que se le bota la canica para joder a terceros para llamar la atenci\u00f3n. La medida, sin duda, es buena y poco a poco se ha ido erradicando esa radicalizaci\u00f3n sin l\u00f3gica.<\/p>\n\n\n\n<p><strong>OTRA NOTA EXTRA: <\/strong>Por si ya ve\u00edan a funcionarios del Gobierno de Veracruz enrolados para convertirse en pr\u00f3ximos candidatos en las pr\u00f3ximas elecciones, el gobernador Cuitl\u00e1huac Garc\u00eda Jim\u00e9nez tuvo reuni\u00f3n con su gabinete este s\u00e1bado y ah\u00ed los secretarios de despacho confirmaron su decisi\u00f3n de que nadie se postular\u00e1 como candidata o candidato en el 2021.<\/p>\n\n\n\n<p><strong>LA \u00daLTIMA PORQUE ANDAMOS CELEBRANDO A LA JANIS:<\/strong> Que ya se reporta como grave a la alcaldesa suplente de Moloac\u00e1n, Mar\u00eda del Carmen Mortera Prieto, luego de haber dado positivo a Covid19. Cabe recordar que la presidenta municipal electa, Victoria Rasgado, falleci\u00f3 el 9 de agosto pasado v\u00edctima de la misma enfermedad.<\/p>\n\n\n\n<p><strong>@pablojair<\/strong><\/p>\n","protected":false},"excerpt":{"rendered":"<p>+ Que se cancelar\u00eda elecci\u00f3n de la dirigencia de Morena. + Tambi\u00e9n encapsularon marcha feminista en C\u00f3rdoba. + Que no va a haber secretarios-candidatos: Cuitl\u00e1huac. + Alcaldesa suplente de Moloac\u00e1n, tambi\u00e9n grave de Covid. La mera verdad&#8230; Es que no hizo falta la lluvia. &#8211;Chopenjawer. El presidente Andr\u00e9s Manuel L\u00f3pez Obrador ha insistido en algo [&hellip;]<\/p>\n","protected":false},"author":1,"featured_media":488,"comment_status":"open","ping_status":"open","sticky":false,"template":"","format":"standard","meta":{"_jetpack_memberships_contains_paid_content":false,"footnotes":""},"categories":[11],"tags":[],"class_list":["post-6511","post","type-post","status-publish","format-standard","has-post-thumbnail","hentry","category-opinion"],"jetpack_featured_media_url":"https:\/\/encuentroinformativo.com.mx\/wp-content\/uploads\/2020\/03\/F471F608-BA1A-416B-BA7B-BCFB24F4E6D0.jpeg","jetpack_sharing_enabled":true,"jetpack_likes_enabled":true,"amp_enabled":true,"_links":{"self":[{"href":"https:\/\/encuentroinformativo.com.mx\/index.php?rest_route=\/wp\/v2\/posts\/6511","targetHints":{"allow":["GET"]}}],"collection":[{"href":"https:\/\/encuentroinformativo.com.mx\/index.php?rest_route=\/wp\/v2\/posts"}],"about":[{"href":"https:\/\/encuentroinformativo.com.mx\/index.php?rest_route=\/wp\/v2\/types\/post"}],"author":[{"embeddable":true,"href":"https:\/\/encuentroinformativo.com.mx\/index.php?rest_route=\/wp\/v2\/users\/1"}],"replies":[{"embeddable":true,"href":"https:\/\/encuentroinformativo.com.mx\/index.php?rest_route=%2Fwp%2Fv2%2Fcomments&post=6511"}],"version-history":[{"count":1,"href":"https:\/\/encuentroinformativo.com.mx\/index.php?rest_route=\/wp\/v2\/posts\/6511\/revisions"}],"predecessor-version":[{"id":6512,"href":"https:\/\/encuentroinformativo.com.mx\/index.php?rest_route=\/wp\/v2\/posts\/6511\/revisions\/6512"}],"wp:featuredmedia":[{"embeddable":true,"href":"https:\/\/encuentroinformativo.com.mx\/index.php?rest_route=\/wp\/v2\/media\/488"}],"wp:attachment":[{"href":"https:\/\/encuentroinformativo.com.mx\/index.php?rest_route=%2Fwp%2Fv2%2Fmedia&parent=6511"}],"wp:term":[{"taxonomy":"category","embeddable":true,"href":"https:\/\/encuentroinformativo.com.mx\/index.php?rest_route=%2Fwp%2Fv2%2Fcategories&post=6511"},{"taxonomy":"post_tag","embeddable":true,"href":"https:\/\/encuentroinformativo.com.mx\/index.php?rest_route=%2Fwp%2Fv2%2Ftags&post=6511"}],"curies":[{"name":"wp","href":"https:\/\/api.w.org\/{rel}","templated":true}]}}