{"id":65120,"date":"2025-03-26T09:49:29","date_gmt":"2025-03-26T15:49:29","guid":{"rendered":"https:\/\/encuentroinformativo.com.mx\/?p=65120"},"modified":"2025-03-26T09:49:29","modified_gmt":"2025-03-26T15:49:29","slug":"confirma-el-verde-a-elsa-mendez-para-soledad-de-doblado","status":"publish","type":"post","link":"https:\/\/encuentroinformativo.com.mx\/?p=65120","title":{"rendered":"Confirma el Verde a Elsa M\u00e9ndez para Soledad de Doblado"},"content":{"rendered":"<p><strong>Alejandro \u00c1vila<\/strong><\/p>\n<p>Soledad de Doblado, Ver.- Tras semanas de incertidumbre y peleas en redes sociales finalmente se dio a conocer a la candidata de la alianza entre Morena y el Partido Verde para encarar la campa\u00f1a con rumbo a la alcald\u00eda de Soledad de Doblado.<\/p>\n<p>El partido ecologista a qui\u00e9n le correspond\u00eda colocar al aspirante a la silla presidencial dio a conocer a trav\u00e9s de sus redes sociales que la ciudadana, Elsa M\u00e9ndez Ibarra, ser\u00e1 su abanderada, en la fotograf\u00eda, la ahora candidata estuvo acompa\u00f1ada del presidente estatal del partido, Edgar Herrera Lendechy.<\/p>\n<p>Posterior al anuncio de esta designaci\u00f3n de Elsa M\u00e9ndez como promotora de la Cuarta Transformaci\u00f3n en el municipio de Soledad de Doblado, en redes sociales varios simpatizantes se volcaron en su favor, dejando en claro que esta decisi\u00f3n no dejar\u00e1 conflictos entre las bases de Morena como ha sucedido en otros municipios de la entidad veracruzana.<\/p>\n<p>De esta forma hay grandes posibilidades de que el Partido Verde contin\u00fae gobernando Soledad de Doblado, y as\u00ed se puntualice el apoyo de la gobernadora, Roc\u00edo Nahle Garc\u00eda, y la presidenta, Claudia Sheinbaum Pardo.<\/p>\n","protected":false},"excerpt":{"rendered":"<p>Alejandro \u00c1vila Soledad de Doblado, Ver.- Tras semanas de incertidumbre y peleas en redes sociales finalmente se dio a conocer a la candidata de la alianza entre Morena y el Partido Verde para encarar la campa\u00f1a con rumbo a la alcald\u00eda de Soledad de Doblado. El partido ecologista a qui\u00e9n le correspond\u00eda colocar al aspirante [&hellip;]<\/p>\n","protected":false},"author":2476,"featured_media":65121,"comment_status":"open","ping_status":"open","sticky":false,"template":"","format":"standard","meta":{"_jetpack_memberships_contains_paid_content":false,"footnotes":""},"categories":[2],"tags":[],"class_list":["post-65120","post","type-post","status-publish","format-standard","has-post-thumbnail","hentry","category-estado"],"jetpack_featured_media_url":"https:\/\/encuentroinformativo.com.mx\/wp-content\/uploads\/2025\/03\/IMG-20250326-WA00932.jpg","jetpack_sharing_enabled":true,"jetpack_likes_enabled":true,"amp_enabled":true,"_links":{"self":[{"href":"https:\/\/encuentroinformativo.com.mx\/index.php?rest_route=\/wp\/v2\/posts\/65120","targetHints":{"allow":["GET"]}}],"collection":[{"href":"https:\/\/encuentroinformativo.com.mx\/index.php?rest_route=\/wp\/v2\/posts"}],"about":[{"href":"https:\/\/encuentroinformativo.com.mx\/index.php?rest_route=\/wp\/v2\/types\/post"}],"author":[{"embeddable":true,"href":"https:\/\/encuentroinformativo.com.mx\/index.php?rest_route=\/wp\/v2\/users\/2476"}],"replies":[{"embeddable":true,"href":"https:\/\/encuentroinformativo.com.mx\/index.php?rest_route=%2Fwp%2Fv2%2Fcomments&post=65120"}],"version-history":[{"count":1,"href":"https:\/\/encuentroinformativo.com.mx\/index.php?rest_route=\/wp\/v2\/posts\/65120\/revisions"}],"predecessor-version":[{"id":65122,"href":"https:\/\/encuentroinformativo.com.mx\/index.php?rest_route=\/wp\/v2\/posts\/65120\/revisions\/65122"}],"wp:featuredmedia":[{"embeddable":true,"href":"https:\/\/encuentroinformativo.com.mx\/index.php?rest_route=\/wp\/v2\/media\/65121"}],"wp:attachment":[{"href":"https:\/\/encuentroinformativo.com.mx\/index.php?rest_route=%2Fwp%2Fv2%2Fmedia&parent=65120"}],"wp:term":[{"taxonomy":"category","embeddable":true,"href":"https:\/\/encuentroinformativo.com.mx\/index.php?rest_route=%2Fwp%2Fv2%2Fcategories&post=65120"},{"taxonomy":"post_tag","embeddable":true,"href":"https:\/\/encuentroinformativo.com.mx\/index.php?rest_route=%2Fwp%2Fv2%2Ftags&post=65120"}],"curies":[{"name":"wp","href":"https:\/\/api.w.org\/{rel}","templated":true}]}}