{"id":65126,"date":"2025-03-26T10:00:01","date_gmt":"2025-03-26T16:00:01","guid":{"rendered":"https:\/\/encuentroinformativo.com.mx\/?p=65126"},"modified":"2025-03-26T10:00:01","modified_gmt":"2025-03-26T16:00:01","slug":"jovenes-desaparecidos-en-palo-gacho-fueron-localizados-sin-vida","status":"publish","type":"post","link":"https:\/\/encuentroinformativo.com.mx\/?p=65126","title":{"rendered":"J\u00f3venes desaparecidos en Palo Gacho, fueron localizados sin vida"},"content":{"rendered":"<p><strong>Dar\u00edo Pale<\/strong><\/p>\n<p>Xalapa, Ver.- Lamentablemente fueron localizados sin vida los j\u00f3venes que desaparecieron en el 2020 quienes habr\u00edan sido vistos por \u00faltima vez en Emiliano Zapata<\/p>\n<p>Sin revelar detalles, la noche de este martes, el Colectivo Familiares Xalapa inform\u00f3 de la localizaci\u00f3n sin vida de j\u00f3venes desaparecidos el pasado 2 de julio de 2020.<\/p>\n<p>Fueron vistos por \u00faltima vez mientras conviv\u00edan en el botanero \u201cMichelucas\u201d, en Palo Gacho, municipio de Emiliano Zapata.<\/p>\n<p>Tras 5 a\u00f1os, la Fiscal\u00eda General del Estado (FGE) notific\u00f3 a sus familiares, confirmando su hallazgo.<\/p>\n<p>A trav\u00e9s de sus redes sociales, el Colectivo Familiares Xalapa, expres\u00f3 su pena y confirm\u00f3 la noticia.<\/p>\n<p>\u201cEl colectivo familiares Xalapa se une a la pena que embargan los compa\u00f1eros al ser hoy notificados por la fiscal\u00eda del estado el d\u00eda de hoy que sus hijos fueron localizados sin vida, ellos se encontraban desaparecidos desde el 2 de julio del 2020, ellos estaban conviviendo en el botanero llamado michelucas ubicado en la localidad de palo gacho Veracruz cuando fueron levantados en el lugar, el colectivo est\u00e1 de luto por la perdida de los seres queridos de nuestros compa\u00f1eros de lucha y de dolor nuestro m\u00e1s sentido p\u00e9same a las familias &#8230;.Descansen en paz<\/p>\n<p>Eso fue lo que expres\u00f3 la organizaci\u00f3n en un comunicado p\u00fablico.<\/p>\n<p>Se espera que en las pr\u00f3ximas horas se brinde informaci\u00f3n m\u00e1s detallada sobre el caso.<\/p>\n<p>En su momento, la Comisi\u00f3n Estatal de B\u00fasqueda emiti\u00f3 sus respectivas fichas para pedir a la ciudadan\u00eda su ayuda para localizar a los j\u00f3venes.<\/p>\n","protected":false},"excerpt":{"rendered":"<p>Dar\u00edo Pale Xalapa, Ver.- Lamentablemente fueron localizados sin vida los j\u00f3venes que desaparecieron en el 2020 quienes habr\u00edan sido vistos por \u00faltima vez en Emiliano Zapata Sin revelar detalles, la noche de este martes, el Colectivo Familiares Xalapa inform\u00f3 de la localizaci\u00f3n sin vida de j\u00f3venes desaparecidos el pasado 2 de julio de 2020. Fueron [&hellip;]<\/p>\n","protected":false},"author":2476,"featured_media":65127,"comment_status":"open","ping_status":"open","sticky":false,"template":"","format":"standard","meta":{"_jetpack_memberships_contains_paid_content":false,"footnotes":""},"categories":[2],"tags":[],"class_list":["post-65126","post","type-post","status-publish","format-standard","has-post-thumbnail","hentry","category-estado"],"jetpack_featured_media_url":"https:\/\/encuentroinformativo.com.mx\/wp-content\/uploads\/2025\/03\/IMG-20250326-WA0029.jpg","jetpack_sharing_enabled":true,"jetpack_likes_enabled":true,"amp_enabled":true,"_links":{"self":[{"href":"https:\/\/encuentroinformativo.com.mx\/index.php?rest_route=\/wp\/v2\/posts\/65126","targetHints":{"allow":["GET"]}}],"collection":[{"href":"https:\/\/encuentroinformativo.com.mx\/index.php?rest_route=\/wp\/v2\/posts"}],"about":[{"href":"https:\/\/encuentroinformativo.com.mx\/index.php?rest_route=\/wp\/v2\/types\/post"}],"author":[{"embeddable":true,"href":"https:\/\/encuentroinformativo.com.mx\/index.php?rest_route=\/wp\/v2\/users\/2476"}],"replies":[{"embeddable":true,"href":"https:\/\/encuentroinformativo.com.mx\/index.php?rest_route=%2Fwp%2Fv2%2Fcomments&post=65126"}],"version-history":[{"count":1,"href":"https:\/\/encuentroinformativo.com.mx\/index.php?rest_route=\/wp\/v2\/posts\/65126\/revisions"}],"predecessor-version":[{"id":65128,"href":"https:\/\/encuentroinformativo.com.mx\/index.php?rest_route=\/wp\/v2\/posts\/65126\/revisions\/65128"}],"wp:featuredmedia":[{"embeddable":true,"href":"https:\/\/encuentroinformativo.com.mx\/index.php?rest_route=\/wp\/v2\/media\/65127"}],"wp:attachment":[{"href":"https:\/\/encuentroinformativo.com.mx\/index.php?rest_route=%2Fwp%2Fv2%2Fmedia&parent=65126"}],"wp:term":[{"taxonomy":"category","embeddable":true,"href":"https:\/\/encuentroinformativo.com.mx\/index.php?rest_route=%2Fwp%2Fv2%2Fcategories&post=65126"},{"taxonomy":"post_tag","embeddable":true,"href":"https:\/\/encuentroinformativo.com.mx\/index.php?rest_route=%2Fwp%2Fv2%2Ftags&post=65126"}],"curies":[{"name":"wp","href":"https:\/\/api.w.org\/{rel}","templated":true}]}}