{"id":65134,"date":"2025-03-26T14:57:46","date_gmt":"2025-03-26T20:57:46","guid":{"rendered":"https:\/\/encuentroinformativo.com.mx\/?p=65134"},"modified":"2025-03-26T14:57:46","modified_gmt":"2025-03-26T20:57:46","slug":"inseguridad-afecta-a-comerciantes-del-mercado-popular-en-minatitlan","status":"publish","type":"post","link":"https:\/\/encuentroinformativo.com.mx\/?p=65134","title":{"rendered":"Inseguridad afecta a comerciantes del mercado \u201cPopular\u201d en Minatitl\u00e1n"},"content":{"rendered":"<p><strong>Jos\u00e9 Vargas<\/strong><\/p>\n<p>Minatitl\u00e1n, Ver.- La ola de inseguridad que azota Minatitl\u00e1n lleg\u00f3 hasta los comerciantes del mercado \u201cPopular Solidaridad\u201d, luego de que un solitario sicario baleara un cami\u00f3n tipo Torton cargado de verduras la madrugada de este mi\u00e9rcoles 26 de marzo.<\/p>\n<p>El cami\u00f3n, que proven\u00eda del estado de Puebla y se dirig\u00eda al mercado ubicado en la colonia Play\u00f3n Sur, fue atacado en la calle M\u00e9rida, esquina con Zamora, alrededor de la 1:30 de la madrugada. El conductor del veh\u00edculo fue sorprendido por el pistolero, quien dispar\u00f3 al menos siete veces contra el pesado cami\u00f3n de modelo antiguo. Afortunadamente, el chofer logr\u00f3 escapar ileso, pero el atentado dej\u00f3 claro el nivel de violencia que se vive en la regi\u00f3n.<\/p>\n<p>Se presume que el ataque est\u00e1 relacionado con el cobro de piso, una pr\u00e1ctica com\u00fan de la delincuencia organizada en la zona. El sicario dispar\u00f3 contra el veh\u00edculo y se retir\u00f3 r\u00e1pidamente sin que se registrara una confrontaci\u00f3n, lo que hace suponer que se trat\u00f3 de una intimidaci\u00f3n m\u00e1s que de un intento de robo o secuestro.<\/p>\n<p>Las autoridades ministeriales y preventivas ya tomaron conocimiento del caso, aunque han guardado un hermetismo total respecto a los detalles de la investigaci\u00f3n. Este hecho se suma a una creciente preocupaci\u00f3n entre los comerciantes, quienes viven con el temor de ser v\u00edctimas de extorsi\u00f3n o violencia por parte de los grupos criminales que operan en la regi\u00f3n.<\/p>\n","protected":false},"excerpt":{"rendered":"<p>Jos\u00e9 Vargas Minatitl\u00e1n, Ver.- La ola de inseguridad que azota Minatitl\u00e1n lleg\u00f3 hasta los comerciantes del mercado \u201cPopular Solidaridad\u201d, luego de que un solitario sicario baleara un cami\u00f3n tipo Torton cargado de verduras la madrugada de este mi\u00e9rcoles 26 de marzo. El cami\u00f3n, que proven\u00eda del estado de Puebla y se dirig\u00eda al mercado ubicado [&hellip;]<\/p>\n","protected":false},"author":2476,"featured_media":65135,"comment_status":"open","ping_status":"open","sticky":false,"template":"","format":"standard","meta":{"_jetpack_memberships_contains_paid_content":false,"footnotes":""},"categories":[2],"tags":[],"class_list":["post-65134","post","type-post","status-publish","format-standard","has-post-thumbnail","hentry","category-estado"],"jetpack_featured_media_url":"https:\/\/encuentroinformativo.com.mx\/wp-content\/uploads\/2025\/03\/IMG-20250326-WA0152.jpg","jetpack_sharing_enabled":true,"jetpack_likes_enabled":true,"amp_enabled":true,"_links":{"self":[{"href":"https:\/\/encuentroinformativo.com.mx\/index.php?rest_route=\/wp\/v2\/posts\/65134","targetHints":{"allow":["GET"]}}],"collection":[{"href":"https:\/\/encuentroinformativo.com.mx\/index.php?rest_route=\/wp\/v2\/posts"}],"about":[{"href":"https:\/\/encuentroinformativo.com.mx\/index.php?rest_route=\/wp\/v2\/types\/post"}],"author":[{"embeddable":true,"href":"https:\/\/encuentroinformativo.com.mx\/index.php?rest_route=\/wp\/v2\/users\/2476"}],"replies":[{"embeddable":true,"href":"https:\/\/encuentroinformativo.com.mx\/index.php?rest_route=%2Fwp%2Fv2%2Fcomments&post=65134"}],"version-history":[{"count":1,"href":"https:\/\/encuentroinformativo.com.mx\/index.php?rest_route=\/wp\/v2\/posts\/65134\/revisions"}],"predecessor-version":[{"id":65136,"href":"https:\/\/encuentroinformativo.com.mx\/index.php?rest_route=\/wp\/v2\/posts\/65134\/revisions\/65136"}],"wp:featuredmedia":[{"embeddable":true,"href":"https:\/\/encuentroinformativo.com.mx\/index.php?rest_route=\/wp\/v2\/media\/65135"}],"wp:attachment":[{"href":"https:\/\/encuentroinformativo.com.mx\/index.php?rest_route=%2Fwp%2Fv2%2Fmedia&parent=65134"}],"wp:term":[{"taxonomy":"category","embeddable":true,"href":"https:\/\/encuentroinformativo.com.mx\/index.php?rest_route=%2Fwp%2Fv2%2Fcategories&post=65134"},{"taxonomy":"post_tag","embeddable":true,"href":"https:\/\/encuentroinformativo.com.mx\/index.php?rest_route=%2Fwp%2Fv2%2Ftags&post=65134"}],"curies":[{"name":"wp","href":"https:\/\/api.w.org\/{rel}","templated":true}]}}