{"id":65137,"date":"2025-03-26T15:19:51","date_gmt":"2025-03-26T21:19:51","guid":{"rendered":"https:\/\/encuentroinformativo.com.mx\/?p=65137"},"modified":"2025-03-26T15:19:51","modified_gmt":"2025-03-26T21:19:51","slug":"el-exfiscal-jorge-n-enfrenta-el-karma-luis-angel-bravo","status":"publish","type":"post","link":"https:\/\/encuentroinformativo.com.mx\/?p=65137","title":{"rendered":"El exfiscal Jorge &#8220;N&#8221; enfrenta el karma: Luis \u00c1ngel Bravo"},"content":{"rendered":"<p><strong>Dar\u00edo Pale<\/strong><\/p>\n<p>Xalapa, Ver.- El ex fiscal del estado, Luis \u00c1ngel Bravo Contreras expres\u00f3 que el \u201ckarma existe\u201d, refiri\u00e9ndose al proceso que enfrenta Jorge &#8220;N&#8221;, y agreg\u00f3 que &#8220;al que obra mal, le va mal&#8221;.<\/p>\n<p>A su arribo a la Sala de Juicios Orales en Pacho Viejo, calific\u00f3 a la administraci\u00f3n de Miguel \u00c1ngel Yunes Linares como el \u201cholocausto veracruzano\u201d, pues acus\u00f3 qu\u00e9 en \u00e9ste se utiliz\u00f3 el aparato de gobierno para perseguir a opositores pol\u00edticos.<\/p>\n<p>Asimismo, recrimin\u00f3 que se utiliz\u00f3 la c\u00e1rcel como medida de presi\u00f3n para declaraciones a trav\u00e9s de torturas y estas acciones fueron de lesa humanidad.<\/p>\n<p>Y es que se quej\u00f3 que el penal de Pacho Viejo se convirti\u00f3 en un centro de tortura y manipulaci\u00f3n judicial, donde a trav\u00e9s de la tortura y presi\u00f3n se sacan declaraciones.<\/p>\n<p>&#8220;Es una muestra de que el karma existe y en el caso de este muchacho haberse prestado a cosas ruines y crueles qu\u00e9 le ordenaba Miguel \u00c1ngel Yunes Linares, \u00e9l anda disfrutando de millones de pesos y puestos y este chamaco est\u00e1 en la c\u00e1rcel&#8221;, se\u00f1al\u00f3.<\/p>\n<p>Y es que indic\u00f3 que su presencia obedece a que necesita una rehabilitaci\u00f3n p\u00fablica luego de que enfrentar\u00e1 tambi\u00e9n un proceso legal tras ser acusado y enjuiciado por desaparici\u00f3n forzada.<\/p>\n<p>Finalmente asegur\u00f3 que a los exfuncionarios Arturo Berm\u00fadez y Gilberto Aguirre los presionaron y torturaron para que lo se\u00f1alaran de ser autor intelectual de esos hechos.<\/p>\n","protected":false},"excerpt":{"rendered":"<p>Dar\u00edo Pale Xalapa, Ver.- El ex fiscal del estado, Luis \u00c1ngel Bravo Contreras expres\u00f3 que el \u201ckarma existe\u201d, refiri\u00e9ndose al proceso que enfrenta Jorge &#8220;N&#8221;, y agreg\u00f3 que &#8220;al que obra mal, le va mal&#8221;. A su arribo a la Sala de Juicios Orales en Pacho Viejo, calific\u00f3 a la administraci\u00f3n de Miguel \u00c1ngel Yunes [&hellip;]<\/p>\n","protected":false},"author":2476,"featured_media":65138,"comment_status":"open","ping_status":"open","sticky":false,"template":"","format":"standard","meta":{"_jetpack_memberships_contains_paid_content":false,"footnotes":""},"categories":[2],"tags":[],"class_list":["post-65137","post","type-post","status-publish","format-standard","has-post-thumbnail","hentry","category-estado"],"jetpack_featured_media_url":"https:\/\/encuentroinformativo.com.mx\/wp-content\/uploads\/2025\/03\/IMG-20250326-WA0288.jpg","jetpack_sharing_enabled":true,"jetpack_likes_enabled":true,"amp_enabled":true,"_links":{"self":[{"href":"https:\/\/encuentroinformativo.com.mx\/index.php?rest_route=\/wp\/v2\/posts\/65137","targetHints":{"allow":["GET"]}}],"collection":[{"href":"https:\/\/encuentroinformativo.com.mx\/index.php?rest_route=\/wp\/v2\/posts"}],"about":[{"href":"https:\/\/encuentroinformativo.com.mx\/index.php?rest_route=\/wp\/v2\/types\/post"}],"author":[{"embeddable":true,"href":"https:\/\/encuentroinformativo.com.mx\/index.php?rest_route=\/wp\/v2\/users\/2476"}],"replies":[{"embeddable":true,"href":"https:\/\/encuentroinformativo.com.mx\/index.php?rest_route=%2Fwp%2Fv2%2Fcomments&post=65137"}],"version-history":[{"count":1,"href":"https:\/\/encuentroinformativo.com.mx\/index.php?rest_route=\/wp\/v2\/posts\/65137\/revisions"}],"predecessor-version":[{"id":65139,"href":"https:\/\/encuentroinformativo.com.mx\/index.php?rest_route=\/wp\/v2\/posts\/65137\/revisions\/65139"}],"wp:featuredmedia":[{"embeddable":true,"href":"https:\/\/encuentroinformativo.com.mx\/index.php?rest_route=\/wp\/v2\/media\/65138"}],"wp:attachment":[{"href":"https:\/\/encuentroinformativo.com.mx\/index.php?rest_route=%2Fwp%2Fv2%2Fmedia&parent=65137"}],"wp:term":[{"taxonomy":"category","embeddable":true,"href":"https:\/\/encuentroinformativo.com.mx\/index.php?rest_route=%2Fwp%2Fv2%2Fcategories&post=65137"},{"taxonomy":"post_tag","embeddable":true,"href":"https:\/\/encuentroinformativo.com.mx\/index.php?rest_route=%2Fwp%2Fv2%2Ftags&post=65137"}],"curies":[{"name":"wp","href":"https:\/\/api.w.org\/{rel}","templated":true}]}}