{"id":65140,"date":"2025-03-26T16:34:40","date_gmt":"2025-03-26T22:34:40","guid":{"rendered":"https:\/\/encuentroinformativo.com.mx\/?p=65140"},"modified":"2025-03-26T16:34:40","modified_gmt":"2025-03-26T22:34:40","slug":"se-suma-emilio-olvera-andrade-a-movimiento-ciudadano","status":"publish","type":"post","link":"https:\/\/encuentroinformativo.com.mx\/?p=65140","title":{"rendered":"Se suma Emilio Olvera Andrade a Movimiento Ciudadano"},"content":{"rendered":"<p><strong>* Ser\u00e1 el nuevo Secretario de Movimientos Sociales.<\/strong><\/p>\n<p><strong>* El coordinador de Movimiento Ciudadano, Luis Carbonell de la Hoz, contin\u00faa sumando liderazgos, ahora en Poza Rica.<\/strong><\/p>\n<p>Xalapa, Ver.- El coordinador estatal de Movimiento Ciudadano en Veracruz, Luis Carbonell de la Hoz, tom\u00f3 protesta a Emilio Olvera Andrade como nuevo Secretario Estatal de Movimientos Sociales, destacando su liderazgo pol\u00edtico, su compromiso social y su profundo arraigo en las causas de Poza Rica.<\/p>\n<p>\u201cEste nombramiento es un reconocimiento a un gran l\u00edder social, a un hombre que ha estado siempre al servicio de su comunidad y que hoy se suma a este gran proyecto para recuperar la dignidad de Poza Rica\u201d, expres\u00f3 el coordinador estatal.<\/p>\n<p>Con una trayectoria consolidada en la vida p\u00fablica, Emilio Olvera ha sido delegado en los Servicios del Bienestar, adem\u00e1s de desempe\u00f1arse como coordinador en distintos esfuerzos sociales y pol\u00edticos dentro del municipio. Su cercan\u00eda con la ciudadan\u00eda, particularmente en las colonias, le ha valido un amplio reconocimiento por su trabajo de base.<\/p>\n<p>Luis Carbonell de la Hoz destac\u00f3 que la designaci\u00f3n de Emilio representa un paso firme en la consolidaci\u00f3n de un movimiento aut\u00e9ntico en Veracruz, construido desde abajo y con las mejores mujeres y hombres del estado.<\/p>\n<p>\u201cSeguimos construyendo el movimiento que le dar\u00e1 salida a las causas reales de Veracruz, pues somos el \u00fanico partido libre de Remes y tambi\u00e9n sin espacio reservado para los Yunes. Aqu\u00ed no caben quienes ya le fallaron a Veracruz\u201d, afirm\u00f3.<\/p>\n<p>Durante su intervenci\u00f3n, el dirigente estatal no dud\u00f3 en se\u00f1alar al actual presidente municipal, Fernando \u201cPulpo\u201d Remes, como el principal responsable del deterioro en la calidad de vida de los pozarricenses. \u201cPoza Rica no merece estar en los primeros lugares de todo lo malo: inseguridad, abandono, falta de servicios\u201d, declar\u00f3.<\/p>\n","protected":false},"excerpt":{"rendered":"<p>* Ser\u00e1 el nuevo Secretario de Movimientos Sociales. * El coordinador de Movimiento Ciudadano, Luis Carbonell de la Hoz, contin\u00faa sumando liderazgos, ahora en Poza Rica. Xalapa, Ver.- El coordinador estatal de Movimiento Ciudadano en Veracruz, Luis Carbonell de la Hoz, tom\u00f3 protesta a Emilio Olvera Andrade como nuevo Secretario Estatal de Movimientos Sociales, destacando [&hellip;]<\/p>\n","protected":false},"author":2476,"featured_media":65141,"comment_status":"open","ping_status":"open","sticky":false,"template":"","format":"standard","meta":{"_jetpack_memberships_contains_paid_content":false,"footnotes":""},"categories":[2],"tags":[],"class_list":["post-65140","post","type-post","status-publish","format-standard","has-post-thumbnail","hentry","category-estado"],"jetpack_featured_media_url":"https:\/\/encuentroinformativo.com.mx\/wp-content\/uploads\/2025\/03\/IMG-20250326-WA04002-scaled.jpg","jetpack_sharing_enabled":true,"jetpack_likes_enabled":true,"amp_enabled":true,"_links":{"self":[{"href":"https:\/\/encuentroinformativo.com.mx\/index.php?rest_route=\/wp\/v2\/posts\/65140","targetHints":{"allow":["GET"]}}],"collection":[{"href":"https:\/\/encuentroinformativo.com.mx\/index.php?rest_route=\/wp\/v2\/posts"}],"about":[{"href":"https:\/\/encuentroinformativo.com.mx\/index.php?rest_route=\/wp\/v2\/types\/post"}],"author":[{"embeddable":true,"href":"https:\/\/encuentroinformativo.com.mx\/index.php?rest_route=\/wp\/v2\/users\/2476"}],"replies":[{"embeddable":true,"href":"https:\/\/encuentroinformativo.com.mx\/index.php?rest_route=%2Fwp%2Fv2%2Fcomments&post=65140"}],"version-history":[{"count":1,"href":"https:\/\/encuentroinformativo.com.mx\/index.php?rest_route=\/wp\/v2\/posts\/65140\/revisions"}],"predecessor-version":[{"id":65142,"href":"https:\/\/encuentroinformativo.com.mx\/index.php?rest_route=\/wp\/v2\/posts\/65140\/revisions\/65142"}],"wp:featuredmedia":[{"embeddable":true,"href":"https:\/\/encuentroinformativo.com.mx\/index.php?rest_route=\/wp\/v2\/media\/65141"}],"wp:attachment":[{"href":"https:\/\/encuentroinformativo.com.mx\/index.php?rest_route=%2Fwp%2Fv2%2Fmedia&parent=65140"}],"wp:term":[{"taxonomy":"category","embeddable":true,"href":"https:\/\/encuentroinformativo.com.mx\/index.php?rest_route=%2Fwp%2Fv2%2Fcategories&post=65140"},{"taxonomy":"post_tag","embeddable":true,"href":"https:\/\/encuentroinformativo.com.mx\/index.php?rest_route=%2Fwp%2Fv2%2Ftags&post=65140"}],"curies":[{"name":"wp","href":"https:\/\/api.w.org\/{rel}","templated":true}]}}