{"id":65145,"date":"2025-03-26T17:06:10","date_gmt":"2025-03-26T23:06:10","guid":{"rendered":"https:\/\/encuentroinformativo.com.mx\/?p=65145"},"modified":"2025-03-26T17:06:10","modified_gmt":"2025-03-26T23:06:10","slug":"en-ataque-pierden-la-vida-dos-elementos-policiacos","status":"publish","type":"post","link":"https:\/\/encuentroinformativo.com.mx\/?p=65145","title":{"rendered":"En ataque, pierden la vida dos elementos polic\u00edacos"},"content":{"rendered":"<p><strong>* Los hechos se registraron sobre la carretera Cardel &#8211; Totomoxtle &#8211; Poza Rica.<\/strong><\/p>\n<p><strong>Dar\u00edo Pale<\/strong><\/p>\n<p>Xalapa, Ver.- Reportaron un fuerte operativo sobre la carretera federal 180D, en el tramo de la carretera Vega de la Torre-Carranza donde se habla de forma extraoficial de dos polic\u00edas fallecidos dos lesionados y uno secuestrado.<\/p>\n<p>Seg\u00fan algunos comentarios en redes sociales se\u00f1alan que los elementos de la Secretar\u00eda de Seguridad P\u00fablica (SSP) hab\u00edan salido francos y viajaban en una camioneta particular cuando fueron atacados por individuos que viajaban a bordo de dos camionetas tipo Tacoma de color negro.<\/p>\n<p>De este hecho se dice que fallecieron dos elementos, tres fueron lesionados y uno de ellos fue privado de su libertad, por lo que las diferentes corporaciones polic\u00edacas aplicaron el \u201cC\u00f3digo Rojo\u201d, y en un principio se dijo que le estaban dando seguimiento a las dos unidades negras que seg\u00fan atacaron a los elementos polic\u00edacos.<\/p>\n<p>Seg\u00fan comentan que fueron m\u00e1s de dos elementos acribillados que murieron en el lugar, cuando al parecer iban a ser trasladados v\u00eda a\u00e9rea, entre los elementos acribillados se encuentra una mujer polic\u00eda con el distintivo CLEOPATRA, y el otro elemento con el distintivo JAGUAR.<\/p>\n<p>Al parecer estos elementos sal\u00edan a disfrutar su franquicia despu\u00e9s de 30 d\u00edas, sin saber que iban a perder la vida; del otro elemento a\u00fan no se tiene conocimiento de sus generales o distintivos.<\/p>\n<p>Tambi\u00e9n refieren que hay un elemento desaparecido, presuntamente fue levantado por quienes los hab\u00edan emboscado.<\/p>\n<p>El lugar est\u00e1 acordonado por elementos de la Guardia Nacional de proximidad de la divisi\u00f3n de caminos, as\u00ed como elementos de la SSP, est\u00e1n en busca de los agresores, presuntamente estos hechos hab\u00edan ocurrido sobre la autopista Cardel &#8211; Totomoxtle &#8211; Poza Rica, a la altura del tramo Cardel &#8211; Vega de la Torre donde fueron emboscados los elementos activos de la Secretar\u00eda de Seguridad P\u00fablica del Estado, extendi\u00e9ndose hasta las inmediaciones de Venustiano Carranza.<\/p>\n<p>Personal de la Fiscal\u00eda del Estado y de los Servicios Periciales se encuentran en el lugar para proceder al levantamiento de los cad\u00e1veres.<\/p>\n","protected":false},"excerpt":{"rendered":"<p>* Los hechos se registraron sobre la carretera Cardel &#8211; Totomoxtle &#8211; Poza Rica. Dar\u00edo Pale Xalapa, Ver.- Reportaron un fuerte operativo sobre la carretera federal 180D, en el tramo de la carretera Vega de la Torre-Carranza donde se habla de forma extraoficial de dos polic\u00edas fallecidos dos lesionados y uno secuestrado. Seg\u00fan algunos comentarios [&hellip;]<\/p>\n","protected":false},"author":2476,"featured_media":65146,"comment_status":"open","ping_status":"open","sticky":false,"template":"","format":"standard","meta":{"_jetpack_memberships_contains_paid_content":false,"footnotes":""},"categories":[14],"tags":[],"class_list":["post-65145","post","type-post","status-publish","format-standard","has-post-thumbnail","hentry","category-policiaca"],"jetpack_featured_media_url":"https:\/\/encuentroinformativo.com.mx\/wp-content\/uploads\/2025\/03\/IMG-20250326-WA0445-1.jpg","jetpack_sharing_enabled":true,"jetpack_likes_enabled":true,"amp_enabled":true,"_links":{"self":[{"href":"https:\/\/encuentroinformativo.com.mx\/index.php?rest_route=\/wp\/v2\/posts\/65145","targetHints":{"allow":["GET"]}}],"collection":[{"href":"https:\/\/encuentroinformativo.com.mx\/index.php?rest_route=\/wp\/v2\/posts"}],"about":[{"href":"https:\/\/encuentroinformativo.com.mx\/index.php?rest_route=\/wp\/v2\/types\/post"}],"author":[{"embeddable":true,"href":"https:\/\/encuentroinformativo.com.mx\/index.php?rest_route=\/wp\/v2\/users\/2476"}],"replies":[{"embeddable":true,"href":"https:\/\/encuentroinformativo.com.mx\/index.php?rest_route=%2Fwp%2Fv2%2Fcomments&post=65145"}],"version-history":[{"count":1,"href":"https:\/\/encuentroinformativo.com.mx\/index.php?rest_route=\/wp\/v2\/posts\/65145\/revisions"}],"predecessor-version":[{"id":65147,"href":"https:\/\/encuentroinformativo.com.mx\/index.php?rest_route=\/wp\/v2\/posts\/65145\/revisions\/65147"}],"wp:featuredmedia":[{"embeddable":true,"href":"https:\/\/encuentroinformativo.com.mx\/index.php?rest_route=\/wp\/v2\/media\/65146"}],"wp:attachment":[{"href":"https:\/\/encuentroinformativo.com.mx\/index.php?rest_route=%2Fwp%2Fv2%2Fmedia&parent=65145"}],"wp:term":[{"taxonomy":"category","embeddable":true,"href":"https:\/\/encuentroinformativo.com.mx\/index.php?rest_route=%2Fwp%2Fv2%2Fcategories&post=65145"},{"taxonomy":"post_tag","embeddable":true,"href":"https:\/\/encuentroinformativo.com.mx\/index.php?rest_route=%2Fwp%2Fv2%2Ftags&post=65145"}],"curies":[{"name":"wp","href":"https:\/\/api.w.org\/{rel}","templated":true}]}}