{"id":65177,"date":"2025-03-27T14:22:49","date_gmt":"2025-03-27T20:22:49","guid":{"rendered":"https:\/\/encuentroinformativo.com.mx\/?p=65177"},"modified":"2025-03-27T14:22:49","modified_gmt":"2025-03-27T20:22:49","slug":"solo-2-personas-eran-de-la-ssp-en-ataque-a-policias-en-vega-de-alatorre-rocio-nahle","status":"publish","type":"post","link":"https:\/\/encuentroinformativo.com.mx\/?p=65177","title":{"rendered":"Solo 2 personas eran de la SSP en ataque a polic\u00edas en Vega de Alatorre: Roc\u00edo Nahle"},"content":{"rendered":"<p><strong>Alejandro \u00c1vila<\/strong><\/p>\n<p>Veracruz, Ver.- La gobernadora, Roc\u00edo Nahle Garc\u00eda, confirm\u00f3 que los dos elementos que perdieron la vida en el ataque armado en Vega de Alatorre la tarde de este mi\u00e9rcoles pertenec\u00edan a la Secretar\u00eda de Seguridad P\u00fablica (SSP), mientras que aclar\u00f3 no puede dar detalles de la tercer v\u00edctima presuntamente privada de su libertad debido a la secrec\u00eda de la investigaci\u00f3n.<\/p>\n<p>Es de mencionar que, la tarde de este mi\u00e9rcoles 26 de marzo dichos elementos que fueron identificados como, Anayeli Reyes oriunda del municipio de Oteapan y, Pedro Madrigal Hern\u00e1ndez oriundo del municipio de Papantla, fueron emboscados en la carretera federal Cardel &#8211; Nautla a la altura del municipio de Vega de Alatorre; los sicarios abrieron fuego en su contra y los despojaron de la vida cuando ellos se encontraban en d\u00edas de asueto.<\/p>\n<p>&#8220;Dos elementos de Seguridad P\u00fablica y otra persona (&#8230;) s\u00ed, a ver, como siempre, a m\u00ed me da pena porque yo no puedo dar un informe o explayarme por el debido proceso, tengo que cuidar eso, pero s\u00ed, s\u00ed tuvimos en la ma\u00f1ana el reporte de seguridad (&#8230;) todo el estado y es parte, nosotros dijimos desde un principio que es cero tolerancia que nosotros no pactamos con nadie, y que nosotros tenemos que garantizar la seguridad a todas las veracruzanas y los veracruzanos y partimos de ah\u00ed (&#8230;) no, una mujer y un hombre&#8221;, expuso la Ejecutiva Estatal.<\/p>\n<p>La ma\u00f1ana de este jueves 27 de marzo la gobernadora, Roc\u00edo Nahle Garc\u00eda, visit\u00f3 el puerto de Veracruz para participar en un acto protocolario en conmemoraci\u00f3n del migrante liban\u00e9s que se realiz\u00f3 en el bulevar &#8220;Manuel \u00c1vila Camacho&#8221;.<\/p>\n","protected":false},"excerpt":{"rendered":"<p>Alejandro \u00c1vila Veracruz, Ver.- La gobernadora, Roc\u00edo Nahle Garc\u00eda, confirm\u00f3 que los dos elementos que perdieron la vida en el ataque armado en Vega de Alatorre la tarde de este mi\u00e9rcoles pertenec\u00edan a la Secretar\u00eda de Seguridad P\u00fablica (SSP), mientras que aclar\u00f3 no puede dar detalles de la tercer v\u00edctima presuntamente privada de su libertad [&hellip;]<\/p>\n","protected":false},"author":2476,"featured_media":65178,"comment_status":"open","ping_status":"open","sticky":false,"template":"","format":"standard","meta":{"_jetpack_memberships_contains_paid_content":false,"footnotes":""},"categories":[2],"tags":[],"class_list":["post-65177","post","type-post","status-publish","format-standard","has-post-thumbnail","hentry","category-estado"],"jetpack_featured_media_url":"https:\/\/encuentroinformativo.com.mx\/wp-content\/uploads\/2025\/03\/IMG-20250327-WA0174.jpg","jetpack_sharing_enabled":true,"jetpack_likes_enabled":true,"amp_enabled":true,"_links":{"self":[{"href":"https:\/\/encuentroinformativo.com.mx\/index.php?rest_route=\/wp\/v2\/posts\/65177","targetHints":{"allow":["GET"]}}],"collection":[{"href":"https:\/\/encuentroinformativo.com.mx\/index.php?rest_route=\/wp\/v2\/posts"}],"about":[{"href":"https:\/\/encuentroinformativo.com.mx\/index.php?rest_route=\/wp\/v2\/types\/post"}],"author":[{"embeddable":true,"href":"https:\/\/encuentroinformativo.com.mx\/index.php?rest_route=\/wp\/v2\/users\/2476"}],"replies":[{"embeddable":true,"href":"https:\/\/encuentroinformativo.com.mx\/index.php?rest_route=%2Fwp%2Fv2%2Fcomments&post=65177"}],"version-history":[{"count":1,"href":"https:\/\/encuentroinformativo.com.mx\/index.php?rest_route=\/wp\/v2\/posts\/65177\/revisions"}],"predecessor-version":[{"id":65179,"href":"https:\/\/encuentroinformativo.com.mx\/index.php?rest_route=\/wp\/v2\/posts\/65177\/revisions\/65179"}],"wp:featuredmedia":[{"embeddable":true,"href":"https:\/\/encuentroinformativo.com.mx\/index.php?rest_route=\/wp\/v2\/media\/65178"}],"wp:attachment":[{"href":"https:\/\/encuentroinformativo.com.mx\/index.php?rest_route=%2Fwp%2Fv2%2Fmedia&parent=65177"}],"wp:term":[{"taxonomy":"category","embeddable":true,"href":"https:\/\/encuentroinformativo.com.mx\/index.php?rest_route=%2Fwp%2Fv2%2Fcategories&post=65177"},{"taxonomy":"post_tag","embeddable":true,"href":"https:\/\/encuentroinformativo.com.mx\/index.php?rest_route=%2Fwp%2Fv2%2Ftags&post=65177"}],"curies":[{"name":"wp","href":"https:\/\/api.w.org\/{rel}","templated":true}]}}