{"id":65195,"date":"2025-03-27T23:30:04","date_gmt":"2025-03-28T05:30:04","guid":{"rendered":"https:\/\/encuentroinformativo.com.mx\/?p=65195"},"modified":"2025-03-27T23:30:04","modified_gmt":"2025-03-28T05:30:04","slug":"pago-de-agua-potable-se-calcularia-solo-por-uso-del-servicio","status":"publish","type":"post","link":"https:\/\/encuentroinformativo.com.mx\/?p=65195","title":{"rendered":"Pago de agua potable se calcular\u00eda solo por uso del servicio"},"content":{"rendered":"<p style=\"font-weight: 400;\"><strong>* La diputada Luz Alicia Delf\u00edn Rodr\u00edguez propone que, de no haber consumo, la cuota corresponda solo a alcantarillado, drenaje, tratamiento y disposici\u00f3n de aguas residuales.<\/strong><\/p>\n<p style=\"font-weight: 400;\">Xalapa, Ver.- Con la finalidad de que el pago que realizan los usuarios de Veracruz por el consumo de agua potable sea justo, la diputada Luz Alicia Delf\u00edn Rodr\u00edguez present\u00f3 una iniciativa para actualizar la Ley de Aguas del estado.<\/p>\n<p style=\"font-weight: 400;\">En la Quinta Sesi\u00f3n del Primer Receso, la legisladora expuso que actualmente el prestador del servicio de agua potable calcula la tarifa a pagar seg\u00fan el consumo, de acuerdo con la lectura que arrojen los medidores de los metros c\u00fabicos consumidos durante determinado periodo.<\/p>\n<p style=\"font-weight: 400;\">Adem\u00e1s,\u00a0los usuarios de los servicios de agua potable, alcantarillado, drenaje, tratamiento y disposici\u00f3n de aguas residuales est\u00e1n obligados a pagar las cuotas conforme a las tarifas que se aprueben, en t\u00e9rminos de dicha ley.<\/p>\n<p style=\"font-weight: 400;\">Sin embargo, \u201c\u00bfqu\u00e9 pasa cuando el usuario no consume el agua potable?, es decir, cuando radica en otro lugar y no hay consumo de agua potable. O simplemente \u00bfc\u00f3mo es el cobro cuando el usuario lleva d\u00edas sin gozar del servicio por causas ajenas a su voluntad?\u201d.<\/p>\n<p style=\"font-weight: 400;\">Se\u00f1al\u00f3 que la misma ley establece que los organismos operadores y los concesionarios que proveen el suministro de agua potable pueden cobrar la tarifa m\u00ednima aprobada por sus respectivos \u00f3rganos de gobierno, lo cual, dijo, transgrede el principio de justicia.<\/p>\n<p style=\"font-weight: 400;\">De acuerdo con su proponente, la iniciativa plantea que, cuando no se haga uso del agua potable, el prestador del servicio deber\u00e1 calcular el cobro \u00fanicamente por alcantarillado, drenaje, tratamiento y disposici\u00f3n de aguas residuales, toda vez que al usuario se le exige el pago de una cantidad por suministro sin recibirlo.<\/p>\n<p style=\"font-weight: 400;\">La propuesta fue turnada a las\u00a0comisiones permanentes unidas de Agua Potable y Saneamiento, de Hacienda del Estado y de Hacienda Municipal.<\/p>\n","protected":false},"excerpt":{"rendered":"<p>* La diputada Luz Alicia Delf\u00edn Rodr\u00edguez propone que, de no haber consumo, la cuota corresponda solo a alcantarillado, drenaje, tratamiento y disposici\u00f3n de aguas residuales. Xalapa, Ver.- Con la finalidad de que el pago que realizan los usuarios de Veracruz por el consumo de agua potable sea justo, la diputada Luz Alicia Delf\u00edn Rodr\u00edguez [&hellip;]<\/p>\n","protected":false},"author":2476,"featured_media":65196,"comment_status":"open","ping_status":"open","sticky":false,"template":"","format":"standard","meta":{"_jetpack_memberships_contains_paid_content":false,"footnotes":""},"categories":[2],"tags":[],"class_list":["post-65195","post","type-post","status-publish","format-standard","has-post-thumbnail","hentry","category-estado"],"jetpack_featured_media_url":"https:\/\/encuentroinformativo.com.mx\/wp-content\/uploads\/2025\/03\/NOV26MAR2025LUZALICIA12-scaled.jpeg","jetpack_sharing_enabled":true,"jetpack_likes_enabled":true,"amp_enabled":true,"_links":{"self":[{"href":"https:\/\/encuentroinformativo.com.mx\/index.php?rest_route=\/wp\/v2\/posts\/65195","targetHints":{"allow":["GET"]}}],"collection":[{"href":"https:\/\/encuentroinformativo.com.mx\/index.php?rest_route=\/wp\/v2\/posts"}],"about":[{"href":"https:\/\/encuentroinformativo.com.mx\/index.php?rest_route=\/wp\/v2\/types\/post"}],"author":[{"embeddable":true,"href":"https:\/\/encuentroinformativo.com.mx\/index.php?rest_route=\/wp\/v2\/users\/2476"}],"replies":[{"embeddable":true,"href":"https:\/\/encuentroinformativo.com.mx\/index.php?rest_route=%2Fwp%2Fv2%2Fcomments&post=65195"}],"version-history":[{"count":1,"href":"https:\/\/encuentroinformativo.com.mx\/index.php?rest_route=\/wp\/v2\/posts\/65195\/revisions"}],"predecessor-version":[{"id":65197,"href":"https:\/\/encuentroinformativo.com.mx\/index.php?rest_route=\/wp\/v2\/posts\/65195\/revisions\/65197"}],"wp:featuredmedia":[{"embeddable":true,"href":"https:\/\/encuentroinformativo.com.mx\/index.php?rest_route=\/wp\/v2\/media\/65196"}],"wp:attachment":[{"href":"https:\/\/encuentroinformativo.com.mx\/index.php?rest_route=%2Fwp%2Fv2%2Fmedia&parent=65195"}],"wp:term":[{"taxonomy":"category","embeddable":true,"href":"https:\/\/encuentroinformativo.com.mx\/index.php?rest_route=%2Fwp%2Fv2%2Fcategories&post=65195"},{"taxonomy":"post_tag","embeddable":true,"href":"https:\/\/encuentroinformativo.com.mx\/index.php?rest_route=%2Fwp%2Fv2%2Ftags&post=65195"}],"curies":[{"name":"wp","href":"https:\/\/api.w.org\/{rel}","templated":true}]}}