{"id":65202,"date":"2025-03-27T23:50:28","date_gmt":"2025-03-28T05:50:28","guid":{"rendered":"https:\/\/encuentroinformativo.com.mx\/?p=65202"},"modified":"2025-03-27T23:50:28","modified_gmt":"2025-03-28T05:50:28","slug":"propone-diputado-crear-un-sistema-estatal-de-cuidados","status":"publish","type":"post","link":"https:\/\/encuentroinformativo.com.mx\/?p=65202","title":{"rendered":"Propone diputado crear un Sistema Estatal de Cuidados"},"content":{"rendered":"<p><strong>* Que el cuidado digno sea reconocido como un derecho humano fundamental, el objetivo de Adri\u00e1n Sigfrido \u00c1vila Estrada.<\/strong><\/p>\n<p style=\"font-weight: 400;\">Xalapa, Ver.- La creaci\u00f3n de un Sistema Estatal de Cuidados, que atienda a quienes viven en situaci\u00f3n de dependencia por enfermedad, discapacidad, vulnerabilidad, ciclo vital, y a quienes, de manera no remunerada, est\u00e1n a cargo de su cuidado, es lo que propone el diputado Adri\u00e1n Sigfrido \u00c1vila Estrada a trav\u00e9s de una iniciativa para actualizar el Art\u00edculo 4 de la Constituci\u00f3n Pol\u00edtica del estado.<\/p>\n<p style=\"font-weight: 400;\">En la Quinta Sesi\u00f3n Ordinaria del Primer Receso, el legislador dio a conocer su proyecto, que busca reconocer el cuidado digno como un derecho humano fundamental, entendido como el conjunto de actividades, apoyos y servicios que otorguen los elementos necesarios para vivir en sociedad, destinados a satisfacer las necesidades b\u00e1sicas de las personas que, por razones vinculadas al ciclo de vida, condiciones transitorias o cr\u00f3nicas, o situaciones permanentes, requieren apoyo.<\/p>\n<p style=\"font-weight: 400;\">De acuerdo con las adiciones previstas para el texto constitucional, \u201cEl Estado reconoce el derecho al cuidado digno como un derecho humano fundamental, entendido como el conjunto de actividades, apoyos y servicios que otorguen los elementos materiales y simb\u00f3licos para vivir en sociedad, destinados a satisfacer las necesidades b\u00e1sicas de las personas que, por razones vinculadas al ciclo de vida, condiciones transitorias o cr\u00f3nicas, o situaciones permanentes, requieren apoyo para garantizar su reproducci\u00f3n social y org\u00e1nica cotidiana\u201d.<\/p>\n<p style=\"font-weight: 400;\">Adem\u00e1s, \u201cSe reconoce el derecho de las personas para decidir el cuidar a quien lo requiera, y el derecho para decidir la distribuci\u00f3n del tiempo propio, acorde a sus necesidades e intereses procurando condiciones de igualdad sustantiva entre hombres y mujeres. Las personas cuidadoras, cuya labor es esencial para el bienestar colectivo, as\u00ed como para el mantenimiento de la din\u00e1mica de trabajo y las fuerzas productivas, incluyendo aquellas que realizan actividades de mantenimiento y apoyo dom\u00e9stico, tendr\u00e1n derecho a una remuneraci\u00f3n digna en los t\u00e9rminos y bases que fije la Ley, por sus tareas de cuidado, con \u00e9nfasis en la revalorizaci\u00f3n de esta labor cuando la realicen mujeres\u201d.<\/p>\n<p style=\"font-weight: 400;\">Para este prop\u00f3sito, \u201cEl Estado establecer\u00e1 el Sistema de Cuidados del Estado de Veracruz de Ignacio de la Llave que coordine la prestaci\u00f3n de servicios p\u00fablicos universales, accesibles, pertinentes, suficientes, de calidad y desarrolle pol\u00edticas p\u00fablicas de cuidados, en el \u00e1mbito estatal y municipal en los t\u00e9rminos que establezca la Ley, basado en los principios de progresividad, universalidad, calidad, igualdad, accesibilidad y corresponsabilidad entre hombres y mujeres, que atender\u00e1 las particularidades de cada grupo poblacional, respetando su dignidad y autonom\u00eda, en coordinaci\u00f3n con la sociedad civil organizada y el sector privado, de conformidad con las obligaciones internacionales en materia de derechos humanos. El Sistema atender\u00e1 de manera prioritaria a las personas en situaci\u00f3n de dependencia por enfermedad, discapacidad, vulnerabilidad, ciclo vital, especialmente en la infancia y la vejez, y a quienes, de manera no remunerada, est\u00e1n a cargo de su cuidado\u201d.<\/p>\n<p style=\"font-weight: 400;\">Adem\u00e1s de lo anterior, \u201cToda persona tiene derecho a elegir de forma libre, la distribuci\u00f3n del tiempo propio y para el autocuidado, que le permita decidir y ejercer la forma de vida que convenga a sus intereses, necesidades y voluntades. La ley establecer\u00e1 las bases y modalidades que definan la competencia del estado y los municipios en la promoci\u00f3n, protecci\u00f3n y ejercicio de este derecho\u201d.<\/p>\n<p style=\"font-weight: 400;\">Por \u00faltimo, plantea que el Estado promueva la corresponsabilidad entre mujeres y hombres, las familias, la comunidad, el sector laboral y el propio Estado en las actividades de cuidado.<\/p>\n<p style=\"font-weight: 400;\">La Iniciativa con Proyecto de Decreto por el que se adicionan los p\u00e1rrafos decimos\u00e9ptimo, decimoctavo, decimonoveno, vig\u00e9simo y vigesimoprimero al Art\u00edculo 4 de la Constituci\u00f3n Pol\u00edtica del estado fue turnada a las comisiones permanentes unidas de Justicia y Puntos Constitucionales y de Derechos Humanos y Atenci\u00f3n a Grupos Vulnerables.<\/p>\n<p style=\"font-weight: 400;\">\n","protected":false},"excerpt":{"rendered":"<p>* Que el cuidado digno sea reconocido como un derecho humano fundamental, el objetivo de Adri\u00e1n Sigfrido \u00c1vila Estrada. Xalapa, Ver.- La creaci\u00f3n de un Sistema Estatal de Cuidados, que atienda a quienes viven en situaci\u00f3n de dependencia por enfermedad, discapacidad, vulnerabilidad, ciclo vital, y a quienes, de manera no remunerada, est\u00e1n a cargo de [&hellip;]<\/p>\n","protected":false},"author":2476,"featured_media":65203,"comment_status":"open","ping_status":"open","sticky":false,"template":"","format":"standard","meta":{"_jetpack_memberships_contains_paid_content":false,"footnotes":""},"categories":[2],"tags":[],"class_list":["post-65202","post","type-post","status-publish","format-standard","has-post-thumbnail","hentry","category-estado"],"jetpack_featured_media_url":"https:\/\/encuentroinformativo.com.mx\/wp-content\/uploads\/2025\/03\/NOV26MAR2025AVILA12-scaled.jpeg","jetpack_sharing_enabled":true,"jetpack_likes_enabled":true,"amp_enabled":true,"_links":{"self":[{"href":"https:\/\/encuentroinformativo.com.mx\/index.php?rest_route=\/wp\/v2\/posts\/65202","targetHints":{"allow":["GET"]}}],"collection":[{"href":"https:\/\/encuentroinformativo.com.mx\/index.php?rest_route=\/wp\/v2\/posts"}],"about":[{"href":"https:\/\/encuentroinformativo.com.mx\/index.php?rest_route=\/wp\/v2\/types\/post"}],"author":[{"embeddable":true,"href":"https:\/\/encuentroinformativo.com.mx\/index.php?rest_route=\/wp\/v2\/users\/2476"}],"replies":[{"embeddable":true,"href":"https:\/\/encuentroinformativo.com.mx\/index.php?rest_route=%2Fwp%2Fv2%2Fcomments&post=65202"}],"version-history":[{"count":2,"href":"https:\/\/encuentroinformativo.com.mx\/index.php?rest_route=\/wp\/v2\/posts\/65202\/revisions"}],"predecessor-version":[{"id":65205,"href":"https:\/\/encuentroinformativo.com.mx\/index.php?rest_route=\/wp\/v2\/posts\/65202\/revisions\/65205"}],"wp:featuredmedia":[{"embeddable":true,"href":"https:\/\/encuentroinformativo.com.mx\/index.php?rest_route=\/wp\/v2\/media\/65203"}],"wp:attachment":[{"href":"https:\/\/encuentroinformativo.com.mx\/index.php?rest_route=%2Fwp%2Fv2%2Fmedia&parent=65202"}],"wp:term":[{"taxonomy":"category","embeddable":true,"href":"https:\/\/encuentroinformativo.com.mx\/index.php?rest_route=%2Fwp%2Fv2%2Fcategories&post=65202"},{"taxonomy":"post_tag","embeddable":true,"href":"https:\/\/encuentroinformativo.com.mx\/index.php?rest_route=%2Fwp%2Fv2%2Ftags&post=65202"}],"curies":[{"name":"wp","href":"https:\/\/api.w.org\/{rel}","templated":true}]}}