{"id":65217,"date":"2025-03-28T14:44:37","date_gmt":"2025-03-28T20:44:37","guid":{"rendered":"https:\/\/encuentroinformativo.com.mx\/?p=65217"},"modified":"2025-03-28T14:44:37","modified_gmt":"2025-03-28T20:44:37","slug":"convocan-a-cuarta-caminata-por-el-autismo","status":"publish","type":"post","link":"https:\/\/encuentroinformativo.com.mx\/?p=65217","title":{"rendered":"Convocan a Cuarta Caminata por el Autismo"},"content":{"rendered":"<p><strong>Dar\u00edo Pale<\/strong><\/p>\n<p>Xalapa, Ver.- Invitan a la ciudadan\u00eda en general a participar en la \u201cCuarta Caminata por el Autismo\u201d y para que participen en las diferentes actividades que se llevar\u00e1n a cabo por el D\u00eda Mundial de Concienciaci\u00f3n sobre el Autismo en Xalapa y otros municipios del estado, as\u00ed lo dieron a conocer las integrantes de la Red Estatal Veracruz<\/p>\n<p>En conferencia de prensa Yenisei Antonio Garc\u00eda, miembro fundadora de la Red, se\u00f1al\u00f3 que lamentablemente a\u00fan existe mucho desconocimiento sobre el tema, lo que puede provocar acoso escolar debido a los comportamientos diferentes de quienes viven con esta condici\u00f3n, as\u00ed como dificultades en el \u00e1mbito laboral y social.<\/p>\n<p>\u201cTenemos el 30 de marzo la Cuarta Caminata del D\u00eda Internacional del Autismo en Orizaba y en Veracruz la rodada en caravana Children&#8217;s Bikers Day. El 5 de abril, en Veracruz, la Jornada de Conferencias sobre Autismo\u201d, se\u00f1al\u00f3.<\/p>\n<p>\u201cEn Xalapa, el Tercer Foro sobre la Concientizaci\u00f3n sobre el Autismo; en Coatzacoalcos, la conferencia \u2018Una Vida Diferente: Abrazando el Duelo y la Neurodiversidad en la Parentalidad\u2019. El 6 de abril, en Boca del R\u00edo, la Expo Autismo y Emprendimiento. El 13 de abril, en Xalapa, la Cuarta Caminata por el Autismo\u201d, agreg\u00f3.<\/p>\n<p>El acceso a las diferentes actividades ser\u00e1n de forma gratuita por lo que reitero la invitaci\u00f3n a toda la ciudadan\u00eda a participar en las diferentes actividades que se llevar\u00e1n a cabo.<\/p>\n<p>\u201cEs importante que toda la sociedad est\u00e9 cada vez m\u00e1s informada acerca de lo que es el Trastorno del Espectro Autista (TEA), porque afecta a una gran cantidad de poblaci\u00f3n en el Estado y en el Pa\u00eds. Podr\u00edamos tener un miembro en la familia con esta condici\u00f3n, por lo que es fundamental conocer m\u00e1s al respecto, identificar se\u00f1ales de alerta y acudir con especialistas\u201d, coment\u00f3.<\/p>\n<p>Por \u00faltimo, exhort\u00f3 a la poblaci\u00f3n a consultar el programa completo de actividades a trav\u00e9s de la p\u00e1gina de Facebook Veracruz Inclusivo. En el caso de Xalapa, la caminata est\u00e1 programada para el domingo 13 de abril a las 10:00 horas, partiendo del Teatro del Estado hasta el parque Ju\u00e1rez.<\/p>\n","protected":false},"excerpt":{"rendered":"<p>Dar\u00edo Pale Xalapa, Ver.- Invitan a la ciudadan\u00eda en general a participar en la \u201cCuarta Caminata por el Autismo\u201d y para que participen en las diferentes actividades que se llevar\u00e1n a cabo por el D\u00eda Mundial de Concienciaci\u00f3n sobre el Autismo en Xalapa y otros municipios del estado, as\u00ed lo dieron a conocer las integrantes [&hellip;]<\/p>\n","protected":false},"author":2476,"featured_media":65218,"comment_status":"open","ping_status":"open","sticky":false,"template":"","format":"standard","meta":{"_jetpack_memberships_contains_paid_content":false,"footnotes":""},"categories":[3],"tags":[],"class_list":["post-65217","post","type-post","status-publish","format-standard","has-post-thumbnail","hentry","category-xalapa"],"jetpack_featured_media_url":"https:\/\/encuentroinformativo.com.mx\/wp-content\/uploads\/2025\/03\/IMG-20250328-WA0116.jpg","jetpack_sharing_enabled":true,"jetpack_likes_enabled":true,"amp_enabled":true,"_links":{"self":[{"href":"https:\/\/encuentroinformativo.com.mx\/index.php?rest_route=\/wp\/v2\/posts\/65217","targetHints":{"allow":["GET"]}}],"collection":[{"href":"https:\/\/encuentroinformativo.com.mx\/index.php?rest_route=\/wp\/v2\/posts"}],"about":[{"href":"https:\/\/encuentroinformativo.com.mx\/index.php?rest_route=\/wp\/v2\/types\/post"}],"author":[{"embeddable":true,"href":"https:\/\/encuentroinformativo.com.mx\/index.php?rest_route=\/wp\/v2\/users\/2476"}],"replies":[{"embeddable":true,"href":"https:\/\/encuentroinformativo.com.mx\/index.php?rest_route=%2Fwp%2Fv2%2Fcomments&post=65217"}],"version-history":[{"count":1,"href":"https:\/\/encuentroinformativo.com.mx\/index.php?rest_route=\/wp\/v2\/posts\/65217\/revisions"}],"predecessor-version":[{"id":65219,"href":"https:\/\/encuentroinformativo.com.mx\/index.php?rest_route=\/wp\/v2\/posts\/65217\/revisions\/65219"}],"wp:featuredmedia":[{"embeddable":true,"href":"https:\/\/encuentroinformativo.com.mx\/index.php?rest_route=\/wp\/v2\/media\/65218"}],"wp:attachment":[{"href":"https:\/\/encuentroinformativo.com.mx\/index.php?rest_route=%2Fwp%2Fv2%2Fmedia&parent=65217"}],"wp:term":[{"taxonomy":"category","embeddable":true,"href":"https:\/\/encuentroinformativo.com.mx\/index.php?rest_route=%2Fwp%2Fv2%2Fcategories&post=65217"},{"taxonomy":"post_tag","embeddable":true,"href":"https:\/\/encuentroinformativo.com.mx\/index.php?rest_route=%2Fwp%2Fv2%2Ftags&post=65217"}],"curies":[{"name":"wp","href":"https:\/\/api.w.org\/{rel}","templated":true}]}}