{"id":6522,"date":"2020-10-05T11:11:11","date_gmt":"2020-10-05T16:11:11","guid":{"rendered":"https:\/\/encuentroinformativo.com.mx\/?p=6522"},"modified":"2020-10-05T11:11:13","modified_gmt":"2020-10-05T16:11:13","slug":"se-exhibiran-piezas-olmecas-de-san-juan-de-ulua-en-museo-frances","status":"publish","type":"post","link":"https:\/\/encuentroinformativo.com.mx\/?p=6522","title":{"rendered":"Se exhibir\u00e1n piezas olmecas de San Juan de Ul\u00faa en museo franc\u00e9s"},"content":{"rendered":"\n<p><strong>Alejandro \u00c1vila<\/strong><\/p>\n\n\n\n<p>Veracruz, Ver.- Porfirio Castro, director de la fortaleza de San Juan de Ul\u00faa, coment\u00f3 que a partir de este nueve de octubre en el museo de Du Quai Branly-Jacques Chirac, se expondr\u00e1n piezas arqueol\u00f3gicas olmecas y otras culturas que habitaron en Veracruz.<\/p>\n\n\n\n<p>El espacio cultura con sede en Par\u00eds, presentar\u00e1 63 figuras que corresponden a la cultura Olmeca, mismas que pertenecen a la exhibici\u00f3n de San Juan de Ul\u00faa y que fueron prestadas a los franceses, saliendo de Veracruz el pasado mes de septiembre.<\/p>\n\n\n\n<p>\u201cSon vasijas, bastones (\u2026) tambi\u00e9n habr\u00e1 algunas que son del Museo Nacional de Antropolog\u00eda de Xalapa y Tabasco. Es una magna exposici\u00f3n que va a mostrar lo mejor de Los Olmecas\u201d, dijo.<\/p>\n\n\n\n<p>El funcionario detall\u00f3 que esta exposici\u00f3n fue organizada por el Instituto Nacional de Antropolog\u00eda e Historia (INAH), a trav\u00e9s de la Coordinaci\u00f3n Nacional de Museos y Exposiciones, y el Museo Quai Branly \u2013un recinto etnol\u00f3gico dedicado a las artes de las civilizaciones originarias de \u00c1frica, Asia, Ocean\u00eda y Am\u00e9rica.<\/p>\n\n\n\n<p>Puntualiz\u00f3 que la inauguraci\u00f3n de la exposici\u00f3n en el Quai Branly ser\u00e1 el 9 de octubre y el periodo de exhibici\u00f3n ser\u00e1 hasta el 25 de julio de 2021.<\/p>\n","protected":false},"excerpt":{"rendered":"<p>Alejandro \u00c1vila Veracruz, Ver.- Porfirio Castro, director de la fortaleza de San Juan de Ul\u00faa, coment\u00f3 que a partir de este nueve de octubre en el museo de Du Quai Branly-Jacques Chirac, se expondr\u00e1n piezas arqueol\u00f3gicas olmecas y otras culturas que habitaron en Veracruz. El espacio cultura con sede en Par\u00eds, presentar\u00e1 63 figuras que [&hellip;]<\/p>\n","protected":false},"author":1,"featured_media":6523,"comment_status":"open","ping_status":"open","sticky":false,"template":"","format":"standard","meta":{"_jetpack_memberships_contains_paid_content":false,"footnotes":""},"categories":[13],"tags":[],"class_list":["post-6522","post","type-post","status-publish","format-standard","has-post-thumbnail","hentry","category-internacional"],"jetpack_featured_media_url":"https:\/\/encuentroinformativo.com.mx\/wp-content\/uploads\/2020\/10\/C0721A6B-46C8-4842-9182-C708CB02546C.jpeg","jetpack_sharing_enabled":true,"jetpack_likes_enabled":true,"amp_enabled":true,"_links":{"self":[{"href":"https:\/\/encuentroinformativo.com.mx\/index.php?rest_route=\/wp\/v2\/posts\/6522","targetHints":{"allow":["GET"]}}],"collection":[{"href":"https:\/\/encuentroinformativo.com.mx\/index.php?rest_route=\/wp\/v2\/posts"}],"about":[{"href":"https:\/\/encuentroinformativo.com.mx\/index.php?rest_route=\/wp\/v2\/types\/post"}],"author":[{"embeddable":true,"href":"https:\/\/encuentroinformativo.com.mx\/index.php?rest_route=\/wp\/v2\/users\/1"}],"replies":[{"embeddable":true,"href":"https:\/\/encuentroinformativo.com.mx\/index.php?rest_route=%2Fwp%2Fv2%2Fcomments&post=6522"}],"version-history":[{"count":1,"href":"https:\/\/encuentroinformativo.com.mx\/index.php?rest_route=\/wp\/v2\/posts\/6522\/revisions"}],"predecessor-version":[{"id":6524,"href":"https:\/\/encuentroinformativo.com.mx\/index.php?rest_route=\/wp\/v2\/posts\/6522\/revisions\/6524"}],"wp:featuredmedia":[{"embeddable":true,"href":"https:\/\/encuentroinformativo.com.mx\/index.php?rest_route=\/wp\/v2\/media\/6523"}],"wp:attachment":[{"href":"https:\/\/encuentroinformativo.com.mx\/index.php?rest_route=%2Fwp%2Fv2%2Fmedia&parent=6522"}],"wp:term":[{"taxonomy":"category","embeddable":true,"href":"https:\/\/encuentroinformativo.com.mx\/index.php?rest_route=%2Fwp%2Fv2%2Fcategories&post=6522"},{"taxonomy":"post_tag","embeddable":true,"href":"https:\/\/encuentroinformativo.com.mx\/index.php?rest_route=%2Fwp%2Fv2%2Ftags&post=6522"}],"curies":[{"name":"wp","href":"https:\/\/api.w.org\/{rel}","templated":true}]}}