{"id":65220,"date":"2025-03-28T14:53:08","date_gmt":"2025-03-28T20:53:08","guid":{"rendered":"https:\/\/encuentroinformativo.com.mx\/?p=65220"},"modified":"2025-03-28T14:53:08","modified_gmt":"2025-03-28T20:53:08","slug":"prepara-fesapauv-festejos-por-50-anos","status":"publish","type":"post","link":"https:\/\/encuentroinformativo.com.mx\/?p=65220","title":{"rendered":"Prepara FESAPAUV festejos por 50 a\u00f1os"},"content":{"rendered":"<p><strong>Dar\u00edo Pale<\/strong><\/p>\n<p>Xalapa, Ver.- La rendici\u00f3n de cuentas es un acto de &#8220;absoluta conciencia del deber ser sindicalista&#8221;, adem\u00e1s de que festejar\u00e1 los 50 a\u00f1os del Fesapauv en 2026, as\u00ed lo dio a conocer el secretario general del Sindicato Estatal del Personal Acad\u00e9mico de la Universidad Veracruzana (Fesapauv), Enrique Levet Gorozpe<\/p>\n<p>Durante su Informe General y de Finanzas se\u00f1al\u00f3 que, &#8220;por eso tenemos que entregar a ustedes, que son la autoridad m\u00e1xima, la Asamblea, las actividades que hemos realizado, para que eval\u00faen y tengan presente el trabajo que realiza el Comit\u00e9 Ejecutivo Estatal, los comit\u00e9s regionales y toda la estructura s\u00f3lida a lo largo y ancho del Estado&#8221;, asever\u00f3.<\/p>\n<p>Acompa\u00f1ado del rector Mart\u00edn Aguilar S\u00e1nchez, el secretario del Trabajo, Luis Arturo Santiago, el director del IPE, Octavio Hern\u00e1ndez Lara y, del director del Seguro del Magisterio, Tom\u00e1s Daniel Hern\u00e1ndez; reconoci\u00f3 la labor del Comit\u00e9 Estatal y de todas sus estructuras.<\/p>\n<p>&#8220;Para mantener la fuerza de un sindicato tan importante como el nuestro, se necesita trabajar y entregar resultados, adem\u00e1s de atender a todos y cada uno de los acad\u00e9micos de la UV&#8221;, afirm\u00f3.<\/p>\n<p>Asimismo, coment\u00f3 que el 1 de Mayo, D\u00eda del Trabajo, es la oportunidad para que el gremio presente sus demandas y reclamos a las autoridades estatales.<\/p>\n<p>&#8220;Ya casi son 3 mil&#8230; para que se expresen libremente como quieran, dentro del marco del respeto como trabajadores universitarios debemos tener&#8221;, dijo.<\/p>\n<p>Enrique Levet mencion\u00f3 que el Fesapauv se ha plantado a nivel nacional como la figura que impulsa la ruta m\u00e1s importante para las acciones del sindicalismo universitario.<\/p>\n<p>En ese sentido, subray\u00f3 que la Confederaci\u00f3n Nacional de Trabajadores Universitarios (CONTU), de la cual tambi\u00e9n es secretario general; se adhiri\u00f3 a la Confederaci\u00f3n de los Trabajadores y las Trabajadoras de las Universidades de las Am\u00e9ricas (CONTUA).<\/p>\n<p>Desde ah\u00ed, buscar\u00e1n conocer cu\u00e1les son los asuntos m\u00e1s importantes de las universidades p\u00fablicas del pa\u00eds y de otras naciones.<\/p>\n<p>Aunque reconoci\u00f3 que las problem\u00e1ticas son muy parecidas, por lo que compartir\u00e1n las acciones que se emprenden para buscar las soluciones a las problem\u00e1ticas de los trabajadores.<\/p>\n<p>Levet Gorozpe expres\u00f3 que como organizaci\u00f3n acad\u00e9mica les ha interesado elevar el nivel y la superaci\u00f3n de todos los agremiados, porque son trabajadores de la UV y por tanto, la Casa de Estudios necesita a los acad\u00e9micos, que son el &#8220;motor que hace vibrar a la Universidad y el coraz\u00f3n que palpita para que la Universidad sea de primer nivel&#8221;.<\/p>\n<p>Para lo cual todos y cada uno de los que conforman el Sindicato deben capacitarse de manera constante.<\/p>\n<p>&#8220;Para que tengamos docentes e investigadores de primer nivel con proyectos de investigaci\u00f3n importantes para la sociedad. Tenemos que darle respuestas a la sociedad, que sean que su universidad est\u00e1 impulsando el progreso en la sociedad, en el Estado&#8221;, enfatiz\u00f3.<\/p>\n<p>Por otra parte, Levet Gorozpe anunci\u00f3 que este a\u00f1o se formar\u00e1 una comisi\u00f3n de agremiados para organizar los festejos por el 50 aniversario del Fesapauv.<\/p>\n<p>Finalmente coment\u00f3 que, &#8220;ya nuestro sindicato no es menor de edad, ya nuestro sindicato tiene madurez y tiene probada experiencia en la soluci\u00f3n de los problemas&#8221;.<\/p>\n","protected":false},"excerpt":{"rendered":"<p>Dar\u00edo Pale Xalapa, Ver.- La rendici\u00f3n de cuentas es un acto de &#8220;absoluta conciencia del deber ser sindicalista&#8221;, adem\u00e1s de que festejar\u00e1 los 50 a\u00f1os del Fesapauv en 2026, as\u00ed lo dio a conocer el secretario general del Sindicato Estatal del Personal Acad\u00e9mico de la Universidad Veracruzana (Fesapauv), Enrique Levet Gorozpe Durante su Informe General [&hellip;]<\/p>\n","protected":false},"author":2476,"featured_media":65221,"comment_status":"open","ping_status":"open","sticky":false,"template":"","format":"standard","meta":{"_jetpack_memberships_contains_paid_content":false,"footnotes":""},"categories":[2],"tags":[],"class_list":["post-65220","post","type-post","status-publish","format-standard","has-post-thumbnail","hentry","category-estado"],"jetpack_featured_media_url":"https:\/\/encuentroinformativo.com.mx\/wp-content\/uploads\/2025\/03\/IMG-20250328-WA0065.jpg","jetpack_sharing_enabled":true,"jetpack_likes_enabled":true,"amp_enabled":true,"_links":{"self":[{"href":"https:\/\/encuentroinformativo.com.mx\/index.php?rest_route=\/wp\/v2\/posts\/65220","targetHints":{"allow":["GET"]}}],"collection":[{"href":"https:\/\/encuentroinformativo.com.mx\/index.php?rest_route=\/wp\/v2\/posts"}],"about":[{"href":"https:\/\/encuentroinformativo.com.mx\/index.php?rest_route=\/wp\/v2\/types\/post"}],"author":[{"embeddable":true,"href":"https:\/\/encuentroinformativo.com.mx\/index.php?rest_route=\/wp\/v2\/users\/2476"}],"replies":[{"embeddable":true,"href":"https:\/\/encuentroinformativo.com.mx\/index.php?rest_route=%2Fwp%2Fv2%2Fcomments&post=65220"}],"version-history":[{"count":1,"href":"https:\/\/encuentroinformativo.com.mx\/index.php?rest_route=\/wp\/v2\/posts\/65220\/revisions"}],"predecessor-version":[{"id":65222,"href":"https:\/\/encuentroinformativo.com.mx\/index.php?rest_route=\/wp\/v2\/posts\/65220\/revisions\/65222"}],"wp:featuredmedia":[{"embeddable":true,"href":"https:\/\/encuentroinformativo.com.mx\/index.php?rest_route=\/wp\/v2\/media\/65221"}],"wp:attachment":[{"href":"https:\/\/encuentroinformativo.com.mx\/index.php?rest_route=%2Fwp%2Fv2%2Fmedia&parent=65220"}],"wp:term":[{"taxonomy":"category","embeddable":true,"href":"https:\/\/encuentroinformativo.com.mx\/index.php?rest_route=%2Fwp%2Fv2%2Fcategories&post=65220"},{"taxonomy":"post_tag","embeddable":true,"href":"https:\/\/encuentroinformativo.com.mx\/index.php?rest_route=%2Fwp%2Fv2%2Ftags&post=65220"}],"curies":[{"name":"wp","href":"https:\/\/api.w.org\/{rel}","templated":true}]}}