{"id":65253,"date":"2025-03-29T12:46:11","date_gmt":"2025-03-29T18:46:11","guid":{"rendered":"https:\/\/encuentroinformativo.com.mx\/?p=65253"},"modified":"2025-03-29T12:46:11","modified_gmt":"2025-03-29T18:46:11","slug":"lideres-mexico-condecora-a-21-mujeres-que-han-dejado-un-gran-legado","status":"publish","type":"post","link":"https:\/\/encuentroinformativo.com.mx\/?p=65253","title":{"rendered":"L\u00edderes M\u00e9xico, condecora a 21 mujeres que han dejado un gran legado"},"content":{"rendered":"<p><strong>Alejandro \u00c1vila<\/strong><\/p>\n<p>Veracruz, Ver.- Destacados L\u00edderes M\u00e9xico, otorgo condecoraciones especiales a 21 destacadas mujeres en nuestro pa\u00eds, en el marco del lanzamiento del \u2018Top 100, 2025\u2019, una distinci\u00f3n que honra a las mujeres m\u00e1s influyentes en distintos \u00e1mbitos de la sociedad mexicana.<\/p>\n<p>Esta condecoraci\u00f3n especial es una maravillosa obra de arte que se otorga por primera vez en nuestro pa\u00eds a 21 mujeres l\u00edderes, en el marco del lanzamiento del \u201cTOP 100, 2025\u201d como un reconocimiento a sus acciones en defensa y beneficio de nuestra sociedad y sobre todo de los sectores m\u00e1s vulnerables de nuestro pa\u00eds y cuyas trayectorias han dejado una huella imborrable a las futuras generaciones.<\/p>\n<p>Esta distinci\u00f3n busca servir de motivaci\u00f3n e impulso a quienes la obtienen y a continuar con su labor, asumiendo con mayor responsabilidad el impacto de su trabajo en el futuro.<\/p>\n<p>La ceremonia que tuvo lugar en el Auditorio Frida Kahlo, del Hotel Marriott Reforma en Ciudad de M\u00e9xico, en el marco del lanzamiento del TOP 100 DML, quienes recibieron esta condecoraci\u00f3n especial fueron:<\/p>\n<p><strong>Mar\u00eda Antonieta de las Nieves.-<\/strong> con una trayectoria llena de \u00e9xitos es uno de los pilares de la \u00e9poca de oro de la televisi\u00f3n mexicana, trascendiendo fronteras en muchos pa\u00edses de Am\u00e9rica Latina y Europa.<\/p>\n<p><strong>Lic. Alma Delia \u00c1brego Ceballos.-<\/strong> Con una destacada trayectoria como gestora cultural, fil\u00e1ntropa y promotora del desarrollo art\u00edstico y social. Su compromiso con la cultura y su impacto en la transformaci\u00f3n comunitaria la han convertido en una l\u00edder visionaria dentro de la administraci\u00f3n p\u00fablica, desempe\u00f1\u00e1ndose en la actualidad como secretaria de Cultura de Baja California.<\/p>\n<p><strong>Lic. Eufrosina Cruz Mendoza.-<\/strong> L\u00edder zapoteca y defensora de los derechos humanos, destaca por su lucha por la igualdad de g\u00e9nero y los derechos de las mujeres ind\u00edgenas.<\/p>\n<p><strong>Lic. Erika Mar\u00eda Quezada Alonso.-\u00a0<\/strong> Vicepresidenta Comercial &amp; Marketing de DHL Express, cuenta con m\u00e1s de 25 a\u00f1os de experiencia en operaciones, servicio al cliente, calidad y ventas.<\/p>\n<p><strong>Dra. Celia Mar\u00eda Rivas Rodr\u00edguez.-<\/strong> Es una destacada abogada, pol\u00edtica y activista social con una s\u00f3lida trayectoria en el servicio p\u00fablico. Ha sido fiscal general de Yucat\u00e1n, presidenta del Congreso del Estado y actualmente es regidora del Cabildo de M\u00e9rida.<\/p>\n<p><strong>Ing. Ana Mar\u00eda Mac\u00edas Ju\u00e1rez.-<\/strong> Ingeniera y empresaria con m\u00e1s de 25 a\u00f1os en el sector energ\u00e9tico, reconocida por su trabajo en seguridad funcional y su compromiso con la educaci\u00f3n y el deporte en comunidades vulnerables.<\/p>\n<p><strong>Dra. Araceli Alonso Gonz\u00e1lez.-<\/strong> Empresaria y fil\u00e1ntropa en el sector nutricional. Fundadora de World Green Nutrition, ha desarrollado innovaciones en salud y bienestar.<\/p>\n<p><strong>Lic. Marisela Velasco Fern\u00e1ndez.-<\/strong> Educadora y conferencista especializada en educaci\u00f3n socioemocional. Creadora del programa &#8220;Conoci\u00e9ndome&#8221;, que ha impactado a comunidades en M\u00e9xico y Latinoam\u00e9rica.<\/p>\n<p><strong>Dra. H.C. Q.S. Cintya Gabriela Garc\u00eda Jaime.-<\/strong> Terapeuta experta en t\u00e9cnicas ancestrales, creadora de la t\u00e9cnica Quirosedi-Mx. Fundadora del Yachaywasi Qhali Kay Mx, con gran impacto en la medicina alternativa.<\/p>\n<p><strong>Lic. Alejandra Molina Mart\u00edn.-<\/strong> Psic\u00f3loga y especialista en educaci\u00f3n emocional infantil. Autora de libros y creadora de programas educativos para fortalecer la comunicaci\u00f3n familiar.<\/p>\n<p><strong>Lic. Araceli Banda Rodr\u00edguez.-<\/strong> Contadora con m\u00e1s de 30 a\u00f1os en el sector bancario. Ha trabajado en Bancomer y liderado proyectos en la Cruz Roja y Rotary Internacional.<\/p>\n<p><strong>Mtra. Luisa Ben\u00edtez Garc\u00eda.-<\/strong> Empresaria y fundadora de la Universidad Digital Continental. Promotora de la educaci\u00f3n accesible mediante plataformas digitales.<\/p>\n<p><strong>Patricia Trejo Ru\u00edz.-<\/strong> Boxeadora mexicana con R\u00e9cord Guinness como la debutante de mayor edad en boxeo profesional, demostrando que la perseverancia no tiene l\u00edmites.<\/p>\n<p><strong>Lic. Mayra Paredes Morales.-<\/strong> Polit\u00f3loga, empresaria y activista. Primera alcaldesa de Totutla, en el Estado de Veracruz reconocida entre las 100 Mujeres L\u00edderes de M\u00e9xico.<\/p>\n<p><strong>Dra. Georgina Estrada Aguirre.-<\/strong> Experta en comercio exterior y derecho aduanero, con m\u00e1s de 23 a\u00f1os en el SAT. Presidenta de la Asociaci\u00f3n de Mujeres Aduaneras.<\/p>\n<p><strong>\u00c1ngela Olazar\u00e1n Laureano.-<\/strong> Estudiante destacada, ganadora del Global Student Prize 2024 por su proyecto &#8220;Ixtlilton&#8221;, un asistente m\u00e9dico con IA para comunidades rurales.<\/p>\n<p><strong>Lic. Joana Lizeth Olivas Varela.-<\/strong> Empresaria en la industria de la construcci\u00f3n, con negocios en Chihuahua y Quer\u00e9taro, y promotora de acciones de responsabilidad social.<\/p>\n<p><strong>Ing. Gabriela Salas Cabrera.-<\/strong> Ingeniera y especialista en inteligencia artificial, impulsora de la inclusi\u00f3n en STEM y la integraci\u00f3n de lenguas ind\u00edgenas en tecnolog\u00eda.<\/p>\n<p><strong>Dra. Laura Elizabeth Cavazos Gonz\u00e1lez.-<\/strong> Profesional con trayectoria en la industria privada, el sector educativo y p\u00fablico, destac\u00e1ndose como conferencista y asesora en proyectos de innovaci\u00f3n.<\/p>\n<p><strong>Dra. Claudia Esmeralda Garc\u00eda P\u00e9rez.-<\/strong> Profesora, promotora cultural y altruista en Michoac\u00e1n. Ha trabajado en iniciativas educativas y sociales para fortalecer el desarrollo comunitario.<\/p>\n<p><strong>Mary Mor\u00edn Aguilera.-<\/strong> Compositora, cantante y productora mexicana originaria de Hermosillo, Sonora. Destac\u00f3 con Pelo Suelto y colabor\u00f3 con artistas como Armando Manzanero. Ha recibido dos discos de oro y el premio Trayectoria 25 A\u00f1os de la SACM. En 2021, se uni\u00f3 al Consejo Directivo de la SACM.<\/p>\n<p>Este reconocimiento no solo enaltece el liderazgo femenino, sino que tambi\u00e9n motiva a m\u00e1s mujeres a seguir abriendo caminos en sus respectivos sectores. Con iniciativas como esta, se refuerza la importancia del empoderamiento y la participaci\u00f3n activa de la mujer en la construcci\u00f3n de un mejor futuro para M\u00e9xico.<\/p>\n<p>El pres\u00eddium estuvo conformado por la Lic. Sandra Dom\u00ednguez Ronz\u00f3n, en representaci\u00f3n de Destacados L\u00edderes M\u00e9xico y de su presidente ejecutivo, el Lic. Hugo E. Maldonado, as\u00ed como por la cantautora Mary Mor\u00edn, la empresaria Ana Ongay y el empresario veracruzano y presidente de COEPRIN M\u00e9xico, el Ing. Edi Alberto Mart\u00ednez Tejeda, quien, junto con los dem\u00e1s integrantes de su comit\u00e9, fue el responsable de seleccionar \u2014dentro de las m\u00e1s de 1,300 solicitudes recibidas este a\u00f1o\u2014 a las mujeres de este tan esperado Top 100 en su primera etapa, versi\u00f3n 2025.<\/p>\n","protected":false},"excerpt":{"rendered":"<p>Alejandro \u00c1vila Veracruz, Ver.- Destacados L\u00edderes M\u00e9xico, otorgo condecoraciones especiales a 21 destacadas mujeres en nuestro pa\u00eds, en el marco del lanzamiento del \u2018Top 100, 2025\u2019, una distinci\u00f3n que honra a las mujeres m\u00e1s influyentes en distintos \u00e1mbitos de la sociedad mexicana. Esta condecoraci\u00f3n especial es una maravillosa obra de arte que se otorga por [&hellip;]<\/p>\n","protected":false},"author":2476,"featured_media":65254,"comment_status":"open","ping_status":"open","sticky":false,"template":"","format":"standard","meta":{"_jetpack_memberships_contains_paid_content":false,"footnotes":""},"categories":[2],"tags":[],"class_list":["post-65253","post","type-post","status-publish","format-standard","has-post-thumbnail","hentry","category-estado"],"jetpack_featured_media_url":"https:\/\/encuentroinformativo.com.mx\/wp-content\/uploads\/2025\/03\/IMG-20250329-WA0110.jpg","jetpack_sharing_enabled":true,"jetpack_likes_enabled":true,"amp_enabled":true,"_links":{"self":[{"href":"https:\/\/encuentroinformativo.com.mx\/index.php?rest_route=\/wp\/v2\/posts\/65253","targetHints":{"allow":["GET"]}}],"collection":[{"href":"https:\/\/encuentroinformativo.com.mx\/index.php?rest_route=\/wp\/v2\/posts"}],"about":[{"href":"https:\/\/encuentroinformativo.com.mx\/index.php?rest_route=\/wp\/v2\/types\/post"}],"author":[{"embeddable":true,"href":"https:\/\/encuentroinformativo.com.mx\/index.php?rest_route=\/wp\/v2\/users\/2476"}],"replies":[{"embeddable":true,"href":"https:\/\/encuentroinformativo.com.mx\/index.php?rest_route=%2Fwp%2Fv2%2Fcomments&post=65253"}],"version-history":[{"count":2,"href":"https:\/\/encuentroinformativo.com.mx\/index.php?rest_route=\/wp\/v2\/posts\/65253\/revisions"}],"predecessor-version":[{"id":65256,"href":"https:\/\/encuentroinformativo.com.mx\/index.php?rest_route=\/wp\/v2\/posts\/65253\/revisions\/65256"}],"wp:featuredmedia":[{"embeddable":true,"href":"https:\/\/encuentroinformativo.com.mx\/index.php?rest_route=\/wp\/v2\/media\/65254"}],"wp:attachment":[{"href":"https:\/\/encuentroinformativo.com.mx\/index.php?rest_route=%2Fwp%2Fv2%2Fmedia&parent=65253"}],"wp:term":[{"taxonomy":"category","embeddable":true,"href":"https:\/\/encuentroinformativo.com.mx\/index.php?rest_route=%2Fwp%2Fv2%2Fcategories&post=65253"},{"taxonomy":"post_tag","embeddable":true,"href":"https:\/\/encuentroinformativo.com.mx\/index.php?rest_route=%2Fwp%2Fv2%2Ftags&post=65253"}],"curies":[{"name":"wp","href":"https:\/\/api.w.org\/{rel}","templated":true}]}}