{"id":65275,"date":"2025-03-30T14:36:15","date_gmt":"2025-03-30T20:36:15","guid":{"rendered":"https:\/\/encuentroinformativo.com.mx\/?p=65275"},"modified":"2025-03-30T14:36:15","modified_gmt":"2025-03-30T20:36:15","slug":"se-registra-magdaleno-rosales-como-candidato-a-la-alcaldia-de-medellin","status":"publish","type":"post","link":"https:\/\/encuentroinformativo.com.mx\/?p=65275","title":{"rendered":"Se registra Magdaleno Rosales como candidato a la alcald\u00eda de Medell\u00edn"},"content":{"rendered":"<p><strong>Alejandro \u00c1vila<\/strong><\/p>\n<p>Medell\u00edn de Bravo, Ver.- La tarde de este s\u00e1bado, el ex diputado local, Magdaleno Rosales Torres, se registr\u00f3 ante el OPLE como candidato a la alcald\u00eda de Medell\u00edn de Bravo por el Partido del Trabajo.<\/p>\n<p>En una multitudinaria caravana el fundador de &#8220;Maleno es Pueblo&#8221; se hizo acompa\u00f1ar de varios liderazgos del municipio quienes caminaron a su lado por las principales calles de la localidad de El Tejar para atestiguar su registro.<\/p>\n<p>En una transmisi\u00f3n en vivo, Magdaleno Rosales record\u00f3 que desde hace 20 a\u00f1os ha trabajado de la mano de Andr\u00e9s Manuel L\u00f3pez Obrador, motivo por el cual fue designado Delegado Distrital y Consejero Nacional del naciente Movimiento de Regeneraci\u00f3n Nacional (MORENA).<\/p>\n<p>Si bien lament\u00f3 su aparente salida de Morena, resalt\u00f3 que buscar\u00e1 la alcald\u00eda de Medell\u00edn de Bravo por un partido hermano, con los mismos ideales, que busca tambi\u00e9n construir el segundo piso de la Cuarta Transformaci\u00f3n.<\/p>\n<p>&#8220;No quiero hablar mal tampoco del movimiento porque a d\u00f3nde voy a participar esta vez casi es lo mismo, porque son partidos hermanos. Al no tener el apoyo del movimiento y la gente animada aqu\u00ed en Medell\u00edn, hemos decidido con todos los acontecimientos, hemos decidido registrarnos por el Partido del Trabajo, ya est\u00e1 tomada la decisi\u00f3n, el d\u00eda de hoy me voy a registrar al del Consejo Municipal del OPLE&#8221;, resalt\u00f3.<\/p>\n","protected":false},"excerpt":{"rendered":"<p>Alejandro \u00c1vila Medell\u00edn de Bravo, Ver.- La tarde de este s\u00e1bado, el ex diputado local, Magdaleno Rosales Torres, se registr\u00f3 ante el OPLE como candidato a la alcald\u00eda de Medell\u00edn de Bravo por el Partido del Trabajo. En una multitudinaria caravana el fundador de &#8220;Maleno es Pueblo&#8221; se hizo acompa\u00f1ar de varios liderazgos del municipio [&hellip;]<\/p>\n","protected":false},"author":2476,"featured_media":65276,"comment_status":"open","ping_status":"open","sticky":false,"template":"","format":"standard","meta":{"_jetpack_memberships_contains_paid_content":false,"footnotes":""},"categories":[2],"tags":[],"class_list":["post-65275","post","type-post","status-publish","format-standard","has-post-thumbnail","hentry","category-estado"],"jetpack_featured_media_url":"https:\/\/encuentroinformativo.com.mx\/wp-content\/uploads\/2025\/03\/IMG-20250330-WA01232.jpg","jetpack_sharing_enabled":true,"jetpack_likes_enabled":true,"amp_enabled":true,"_links":{"self":[{"href":"https:\/\/encuentroinformativo.com.mx\/index.php?rest_route=\/wp\/v2\/posts\/65275","targetHints":{"allow":["GET"]}}],"collection":[{"href":"https:\/\/encuentroinformativo.com.mx\/index.php?rest_route=\/wp\/v2\/posts"}],"about":[{"href":"https:\/\/encuentroinformativo.com.mx\/index.php?rest_route=\/wp\/v2\/types\/post"}],"author":[{"embeddable":true,"href":"https:\/\/encuentroinformativo.com.mx\/index.php?rest_route=\/wp\/v2\/users\/2476"}],"replies":[{"embeddable":true,"href":"https:\/\/encuentroinformativo.com.mx\/index.php?rest_route=%2Fwp%2Fv2%2Fcomments&post=65275"}],"version-history":[{"count":1,"href":"https:\/\/encuentroinformativo.com.mx\/index.php?rest_route=\/wp\/v2\/posts\/65275\/revisions"}],"predecessor-version":[{"id":65277,"href":"https:\/\/encuentroinformativo.com.mx\/index.php?rest_route=\/wp\/v2\/posts\/65275\/revisions\/65277"}],"wp:featuredmedia":[{"embeddable":true,"href":"https:\/\/encuentroinformativo.com.mx\/index.php?rest_route=\/wp\/v2\/media\/65276"}],"wp:attachment":[{"href":"https:\/\/encuentroinformativo.com.mx\/index.php?rest_route=%2Fwp%2Fv2%2Fmedia&parent=65275"}],"wp:term":[{"taxonomy":"category","embeddable":true,"href":"https:\/\/encuentroinformativo.com.mx\/index.php?rest_route=%2Fwp%2Fv2%2Fcategories&post=65275"},{"taxonomy":"post_tag","embeddable":true,"href":"https:\/\/encuentroinformativo.com.mx\/index.php?rest_route=%2Fwp%2Fv2%2Ftags&post=65275"}],"curies":[{"name":"wp","href":"https:\/\/api.w.org\/{rel}","templated":true}]}}