{"id":65281,"date":"2025-03-30T15:27:20","date_gmt":"2025-03-30T21:27:20","guid":{"rendered":"https:\/\/encuentroinformativo.com.mx\/?p=65281"},"modified":"2025-03-30T15:27:20","modified_gmt":"2025-03-30T21:27:20","slug":"hernerl-sigue-en-pie-de-lucha-y-pide-ayuda-a-los-veracruzanos","status":"publish","type":"post","link":"https:\/\/encuentroinformativo.com.mx\/?p=65281","title":{"rendered":"Hernerl sigue en pie de lucha y pide ayuda a los veracruzanos"},"content":{"rendered":"<p><strong>Alejandro \u00c1vila<\/strong><\/p>\n<p>Veracruz, Ver.- Una semana despu\u00e9s de su operaci\u00f3n de reconstrucci\u00f3n de quijada, Hernerl Sosa logr\u00f3 salir de terapia intensiva de la cirug\u00eda donde le implantar\u00edan piel y hueso, misma que tuvo complicaciones debido a la adquisici\u00f3n de una bacteria que le caus\u00f3 una hemorragia.<\/p>\n<p>Tan solo 36 horas despu\u00e9s de la operaci\u00f3n la pr\u00f3tesis tuvo que ser retirada pues ya se encontraba infectada y pon\u00eda en riesgo su vida, \u201cnada sali\u00f3 como se esperaba\u201d.<\/p>\n<p>Hernerl, perdi\u00f3 parte de su cara debido a un sarcoma mand\u00edbular, al superar el c\u00e1ncer, puso todas sus fuerzas en la operaci\u00f3n de reconstrucci\u00f3n que le ayudar\u00eda a volver a masticar y hablar, sin embargo, las complicaciones surgidas tras la cirug\u00eda, lo han llevado a revalorizar sus prioridades.<\/p>\n<p>Aunque ya est\u00e1 estable, deber\u00e1 permanecer una semana m\u00e1s internado en el Hospital Espa\u00f1ol, las complicaciones causaron que se saliera del presupuesto lo destinado para su cirug\u00eda.<\/p>\n<p>Hernerl, requiere ayuda para superar este nuevo tropiezo, su evoluci\u00f3n m\u00e9dica ha sido favorable y ha respondido al antibi\u00f3tico.<\/p>\n<p>\u201c\u00c9l est\u00e1 muy tranquilo y de cierta forma aceptando esta parte de lo que Dios le pone como una prueba m\u00e1s, aunque tambi\u00e9n le preocupa la estancia en el hospital ya que no se ten\u00eda contemplado permanecer m\u00e1s d\u00edas y se nos sale de las manos esta parte econ\u00f3mica\u201d, escribi\u00f3 su hermano en la cuenta de Facebook de Hernerl a trav\u00e9s de la cual han dado informes de su evoluci\u00f3n.<\/p>\n<p>Hernerl Sosa, se viraliz\u00f3 al mostrar su caso en las redes sociales, era entrenador f\u00edsico y a los 34 a\u00f1os le detectaron cancer, le retiraron parte de la quijada para lib\u00e9ralo del tumor, esto lo dej\u00f3 sin parte de mand\u00edbula y cuello, pero no le quit\u00f3 sus ganas de vivir y seguir adelante.<\/p>\n<p>Su entusiasmo, conmovi\u00f3 a miles de personas que se sumaron a ayudarlo para realizar la cirug\u00eda que en repetidas ocasiones le negaron en el IMSS.<\/p>\n<p>Hernerl, nuevamente hace el llamado para que aporten su granito de arena para salir del hospital.<\/p>\n<p>Deben esperar su evoluci\u00f3n para determinar que pasar\u00e1 con su reconstrucci\u00f3n, pero Hernerl, se\u00f1ala que no intentar\u00e1 nada m\u00e1s que vuelva a poner en riesgo su vida.<\/p>\n<p>Puso a disposici\u00f3n el n\u00famero de cuenta 4152 3143 3042 9534 para quien pueda apoyarlo. Para m\u00e1s informaci\u00f3n pueden seguirlo en sus redes sociales de Facebook @HerneldeSosa y de Instagram @Hernerl_de_Sosa.<\/p>\n<p style=\"padding-left: 40px;\"><img loading=\"lazy\" decoding=\"async\" class=\"alignnone size-medium wp-image-65282\" src=\"https:\/\/encuentroinformativo.com.mx\/wp-content\/uploads\/2025\/03\/IMG-20250330-WA0143-225x300.jpg\" alt=\"\" width=\"225\" height=\"300\" srcset=\"https:\/\/encuentroinformativo.com.mx\/wp-content\/uploads\/2025\/03\/IMG-20250330-WA0143-225x300.jpg 225w, https:\/\/encuentroinformativo.com.mx\/wp-content\/uploads\/2025\/03\/IMG-20250330-WA0143-768x1024.jpg 768w, https:\/\/encuentroinformativo.com.mx\/wp-content\/uploads\/2025\/03\/IMG-20250330-WA0143-1152x1536.jpg 1152w, https:\/\/encuentroinformativo.com.mx\/wp-content\/uploads\/2025\/03\/IMG-20250330-WA0143.jpg 1200w\" sizes=\"auto, (max-width: 225px) 100vw, 225px\" \/><\/p>\n","protected":false},"excerpt":{"rendered":"<p>Alejandro \u00c1vila Veracruz, Ver.- Una semana despu\u00e9s de su operaci\u00f3n de reconstrucci\u00f3n de quijada, Hernerl Sosa logr\u00f3 salir de terapia intensiva de la cirug\u00eda donde le implantar\u00edan piel y hueso, misma que tuvo complicaciones debido a la adquisici\u00f3n de una bacteria que le caus\u00f3 una hemorragia. Tan solo 36 horas despu\u00e9s de la operaci\u00f3n la [&hellip;]<\/p>\n","protected":false},"author":2476,"featured_media":65282,"comment_status":"open","ping_status":"open","sticky":false,"template":"","format":"standard","meta":{"_jetpack_memberships_contains_paid_content":false,"footnotes":""},"categories":[9],"tags":[],"class_list":["post-65281","post","type-post","status-publish","format-standard","has-post-thumbnail","hentry","category-salud"],"jetpack_featured_media_url":"https:\/\/encuentroinformativo.com.mx\/wp-content\/uploads\/2025\/03\/IMG-20250330-WA0143.jpg","jetpack_sharing_enabled":true,"jetpack_likes_enabled":true,"amp_enabled":true,"_links":{"self":[{"href":"https:\/\/encuentroinformativo.com.mx\/index.php?rest_route=\/wp\/v2\/posts\/65281","targetHints":{"allow":["GET"]}}],"collection":[{"href":"https:\/\/encuentroinformativo.com.mx\/index.php?rest_route=\/wp\/v2\/posts"}],"about":[{"href":"https:\/\/encuentroinformativo.com.mx\/index.php?rest_route=\/wp\/v2\/types\/post"}],"author":[{"embeddable":true,"href":"https:\/\/encuentroinformativo.com.mx\/index.php?rest_route=\/wp\/v2\/users\/2476"}],"replies":[{"embeddable":true,"href":"https:\/\/encuentroinformativo.com.mx\/index.php?rest_route=%2Fwp%2Fv2%2Fcomments&post=65281"}],"version-history":[{"count":2,"href":"https:\/\/encuentroinformativo.com.mx\/index.php?rest_route=\/wp\/v2\/posts\/65281\/revisions"}],"predecessor-version":[{"id":65284,"href":"https:\/\/encuentroinformativo.com.mx\/index.php?rest_route=\/wp\/v2\/posts\/65281\/revisions\/65284"}],"wp:featuredmedia":[{"embeddable":true,"href":"https:\/\/encuentroinformativo.com.mx\/index.php?rest_route=\/wp\/v2\/media\/65282"}],"wp:attachment":[{"href":"https:\/\/encuentroinformativo.com.mx\/index.php?rest_route=%2Fwp%2Fv2%2Fmedia&parent=65281"}],"wp:term":[{"taxonomy":"category","embeddable":true,"href":"https:\/\/encuentroinformativo.com.mx\/index.php?rest_route=%2Fwp%2Fv2%2Fcategories&post=65281"},{"taxonomy":"post_tag","embeddable":true,"href":"https:\/\/encuentroinformativo.com.mx\/index.php?rest_route=%2Fwp%2Fv2%2Ftags&post=65281"}],"curies":[{"name":"wp","href":"https:\/\/api.w.org\/{rel}","templated":true}]}}