{"id":65292,"date":"2025-03-30T21:07:48","date_gmt":"2025-03-31T03:07:48","guid":{"rendered":"https:\/\/encuentroinformativo.com.mx\/?p=65292"},"modified":"2025-03-30T21:07:48","modified_gmt":"2025-03-31T03:07:48","slug":"llegan-al-puerto-de-coatzacoalcos-900-vehiculos-para-su-embarque-a-ee-uu","status":"publish","type":"post","link":"https:\/\/encuentroinformativo.com.mx\/?p=65292","title":{"rendered":"Llegan al puerto de Coatzacoalcos 900 veh\u00edculos para su embarque a EE.UU."},"content":{"rendered":"<p><strong>Jos\u00e9 Vargas\u00a0<\/strong><\/p>\n<p>Coatzacoalcos, Ver.- El Ferrocarril Interoce\u00e1nico del Istmo de Tehuantepec arrib\u00f3 esta ma\u00f1ana al puerto de Coatzacoalcos con un cargamento de m\u00e1s de 900 veh\u00edculos de la marca Hyundai, provenientes de Asia.<\/p>\n<p>Los autom\u00f3viles fueron transportados en vagones tras recorrer 308 kil\u00f3metros desde el puerto de Salina Cruz, Oaxaca, donde previamente el buque Glovis descarg\u00f3 las unidades, procedentes de Corea del Sur.<\/p>\n<p>Desde primeras horas del d\u00eda, comenz\u00f3 la descarga de los veh\u00edculos, destacando la eficiencia del proceso en el puerto de Coatzacoalcos, que se ha convertido en un punto clave dentro del proyecto del Ferrocarril Interoce\u00e1nico, un corredor log\u00edstico estrat\u00e9gico para el comercio internacional.<\/p>\n<p>A pesar de la llegada del cargamento, a\u00fan no se ha confirmado en qu\u00e9 barco y en qu\u00e9 fecha los veh\u00edculos zarpar\u00e1n hacia Estados Unidos, lo que mantiene a la expectativa a los operadores portuarios y responsables del embarque. Sin embargo, las autoridades locales aseguraron que el traslado se realizar\u00e1 en breve, como parte de este ambicioso proyecto de infraestructura que busca fortalecer las rutas comerciales entre el Oc\u00e9ano Pac\u00edfico y el Golfo de M\u00e9xico.<\/p>\n<p>El arribo de este tren marca un paso m\u00e1s en la activaci\u00f3n del Ferrocarril Interoce\u00e1nico, cuyas obras contin\u00faan avanzando con el objetivo de posicionar a la regi\u00f3n como un nodo clave en la conectividad log\u00edstica mundial.<\/p>\n<p><img loading=\"lazy\" decoding=\"async\" class=\"alignnone size-medium wp-image-65295\" src=\"https:\/\/encuentroinformativo.com.mx\/wp-content\/uploads\/2025\/03\/IMG-20250330-WA02092-263x300.jpg\" alt=\"\" width=\"263\" height=\"300\" srcset=\"https:\/\/encuentroinformativo.com.mx\/wp-content\/uploads\/2025\/03\/IMG-20250330-WA02092-263x300.jpg 263w, https:\/\/encuentroinformativo.com.mx\/wp-content\/uploads\/2025\/03\/IMG-20250330-WA02092.jpg 640w\" sizes=\"auto, (max-width: 263px) 100vw, 263px\" \/><\/p>\n","protected":false},"excerpt":{"rendered":"<p>Jos\u00e9 Vargas\u00a0 Coatzacoalcos, Ver.- El Ferrocarril Interoce\u00e1nico del Istmo de Tehuantepec arrib\u00f3 esta ma\u00f1ana al puerto de Coatzacoalcos con un cargamento de m\u00e1s de 900 veh\u00edculos de la marca Hyundai, provenientes de Asia. Los autom\u00f3viles fueron transportados en vagones tras recorrer 308 kil\u00f3metros desde el puerto de Salina Cruz, Oaxaca, donde previamente el buque Glovis [&hellip;]<\/p>\n","protected":false},"author":2476,"featured_media":65293,"comment_status":"open","ping_status":"open","sticky":false,"template":"","format":"standard","meta":{"_jetpack_memberships_contains_paid_content":false,"footnotes":""},"categories":[2],"tags":[],"class_list":["post-65292","post","type-post","status-publish","format-standard","has-post-thumbnail","hentry","category-estado"],"jetpack_featured_media_url":"https:\/\/encuentroinformativo.com.mx\/wp-content\/uploads\/2025\/03\/IMG-20250330-WA0211.jpg","jetpack_sharing_enabled":true,"jetpack_likes_enabled":true,"amp_enabled":true,"_links":{"self":[{"href":"https:\/\/encuentroinformativo.com.mx\/index.php?rest_route=\/wp\/v2\/posts\/65292","targetHints":{"allow":["GET"]}}],"collection":[{"href":"https:\/\/encuentroinformativo.com.mx\/index.php?rest_route=\/wp\/v2\/posts"}],"about":[{"href":"https:\/\/encuentroinformativo.com.mx\/index.php?rest_route=\/wp\/v2\/types\/post"}],"author":[{"embeddable":true,"href":"https:\/\/encuentroinformativo.com.mx\/index.php?rest_route=\/wp\/v2\/users\/2476"}],"replies":[{"embeddable":true,"href":"https:\/\/encuentroinformativo.com.mx\/index.php?rest_route=%2Fwp%2Fv2%2Fcomments&post=65292"}],"version-history":[{"count":1,"href":"https:\/\/encuentroinformativo.com.mx\/index.php?rest_route=\/wp\/v2\/posts\/65292\/revisions"}],"predecessor-version":[{"id":65296,"href":"https:\/\/encuentroinformativo.com.mx\/index.php?rest_route=\/wp\/v2\/posts\/65292\/revisions\/65296"}],"wp:featuredmedia":[{"embeddable":true,"href":"https:\/\/encuentroinformativo.com.mx\/index.php?rest_route=\/wp\/v2\/media\/65293"}],"wp:attachment":[{"href":"https:\/\/encuentroinformativo.com.mx\/index.php?rest_route=%2Fwp%2Fv2%2Fmedia&parent=65292"}],"wp:term":[{"taxonomy":"category","embeddable":true,"href":"https:\/\/encuentroinformativo.com.mx\/index.php?rest_route=%2Fwp%2Fv2%2Fcategories&post=65292"},{"taxonomy":"post_tag","embeddable":true,"href":"https:\/\/encuentroinformativo.com.mx\/index.php?rest_route=%2Fwp%2Fv2%2Ftags&post=65292"}],"curies":[{"name":"wp","href":"https:\/\/api.w.org\/{rel}","templated":true}]}}