{"id":65297,"date":"2025-03-30T21:16:06","date_gmt":"2025-03-31T03:16:06","guid":{"rendered":"https:\/\/encuentroinformativo.com.mx\/?p=65297"},"modified":"2025-03-30T21:16:06","modified_gmt":"2025-03-31T03:16:06","slug":"auto-compacto-vuelca-y-termina-en-el-pantano-en-la-carretera-las-matas","status":"publish","type":"post","link":"https:\/\/encuentroinformativo.com.mx\/?p=65297","title":{"rendered":"Auto compacto vuelca y termina en el pantano en la carretera Las Matas\u00a0"},"content":{"rendered":"<p><strong>Jos\u00e9 Vargas<\/strong><\/p>\n<p>Cosoleacaque, Ver.- Un fuerte accidente vial ocurri\u00f3 en la carretera Las Matas, en direcci\u00f3n a Coatzacoalcos, dejando a una familia con crisis nerviosa y da\u00f1os materiales luego de que su veh\u00edculo volcara y terminara en el pantano.<\/p>\n<p>Seg\u00fan los primeros reportes, el autom\u00f3vil, un Chevy blanco en el que viajaban tres adultos y una menor de edad, se dirig\u00eda a Coatzacoalcos cuando el conductor perdi\u00f3 el control de la unidad por razones a\u00fan desconocidas. Esto provoc\u00f3 que el veh\u00edculo volcara y se internara en la zona de manglares.<\/p>\n<p>Una menor que viajaba a bordo result\u00f3 con golpes leves, una peque\u00f1a herida en la mano y crisis nerviosa, por lo que personal de emergencia acudi\u00f3 al lugar para brindar atenci\u00f3n m\u00e9dica a los afectados.<\/p>\n<p>La familia, originaria de Acayucan, regresaba de un evento deportivo cuando ocurri\u00f3 el percance.<\/p>\n<p>Afortunadamente, no se reportan heridos de gravedad, aunque el susto y los da\u00f1os materiales fueron significativos. Autoridades viales acudieron al sitio para tomar conocimiento del accidente y coordinar las labores de auxilio.<\/p>\n","protected":false},"excerpt":{"rendered":"<p>Jos\u00e9 Vargas Cosoleacaque, Ver.- Un fuerte accidente vial ocurri\u00f3 en la carretera Las Matas, en direcci\u00f3n a Coatzacoalcos, dejando a una familia con crisis nerviosa y da\u00f1os materiales luego de que su veh\u00edculo volcara y terminara en el pantano. Seg\u00fan los primeros reportes, el autom\u00f3vil, un Chevy blanco en el que viajaban tres adultos y [&hellip;]<\/p>\n","protected":false},"author":2476,"featured_media":65298,"comment_status":"open","ping_status":"open","sticky":false,"template":"","format":"standard","meta":{"_jetpack_memberships_contains_paid_content":false,"footnotes":""},"categories":[2],"tags":[],"class_list":["post-65297","post","type-post","status-publish","format-standard","has-post-thumbnail","hentry","category-estado"],"jetpack_featured_media_url":"https:\/\/encuentroinformativo.com.mx\/wp-content\/uploads\/2025\/03\/IMG-20250330-WA02052.jpg","jetpack_sharing_enabled":true,"jetpack_likes_enabled":true,"amp_enabled":true,"_links":{"self":[{"href":"https:\/\/encuentroinformativo.com.mx\/index.php?rest_route=\/wp\/v2\/posts\/65297","targetHints":{"allow":["GET"]}}],"collection":[{"href":"https:\/\/encuentroinformativo.com.mx\/index.php?rest_route=\/wp\/v2\/posts"}],"about":[{"href":"https:\/\/encuentroinformativo.com.mx\/index.php?rest_route=\/wp\/v2\/types\/post"}],"author":[{"embeddable":true,"href":"https:\/\/encuentroinformativo.com.mx\/index.php?rest_route=\/wp\/v2\/users\/2476"}],"replies":[{"embeddable":true,"href":"https:\/\/encuentroinformativo.com.mx\/index.php?rest_route=%2Fwp%2Fv2%2Fcomments&post=65297"}],"version-history":[{"count":1,"href":"https:\/\/encuentroinformativo.com.mx\/index.php?rest_route=\/wp\/v2\/posts\/65297\/revisions"}],"predecessor-version":[{"id":65299,"href":"https:\/\/encuentroinformativo.com.mx\/index.php?rest_route=\/wp\/v2\/posts\/65297\/revisions\/65299"}],"wp:featuredmedia":[{"embeddable":true,"href":"https:\/\/encuentroinformativo.com.mx\/index.php?rest_route=\/wp\/v2\/media\/65298"}],"wp:attachment":[{"href":"https:\/\/encuentroinformativo.com.mx\/index.php?rest_route=%2Fwp%2Fv2%2Fmedia&parent=65297"}],"wp:term":[{"taxonomy":"category","embeddable":true,"href":"https:\/\/encuentroinformativo.com.mx\/index.php?rest_route=%2Fwp%2Fv2%2Fcategories&post=65297"},{"taxonomy":"post_tag","embeddable":true,"href":"https:\/\/encuentroinformativo.com.mx\/index.php?rest_route=%2Fwp%2Fv2%2Ftags&post=65297"}],"curies":[{"name":"wp","href":"https:\/\/api.w.org\/{rel}","templated":true}]}}