{"id":6530,"date":"2020-10-05T08:43:57","date_gmt":"2020-10-05T13:43:57","guid":{"rendered":"https:\/\/encuentroinformativo.com.mx\/?p=6530"},"modified":"2020-10-05T12:46:54","modified_gmt":"2020-10-05T17:46:54","slug":"octubre-mes-rosa","status":"publish","type":"post","link":"https:\/\/encuentroinformativo.com.mx\/?p=6530","title":{"rendered":"Octubre, mes rosa."},"content":{"rendered":"\n<p><strong>N\u00fameros Rojos<\/strong><\/p>\n\n\n\n<p><strong>Brenda Caballero<\/strong><\/p>\n\n\n\n<p>El Covid 19 ha hecho que nos olvidemos de otras enfermedades que est\u00e1n presentes y latentes con altos riesgos de mortalidad, una de ellas es el c\u00e1ncer de mama. Nos hemos mantenido en casa atendiendo posibles s\u00edntomas de fiebre, tos, dolor de garganta, diarrea, etc\u00e9tera, usando cubrebocas y manteniendo sana distancia que ni recordamos la autoexploraci\u00f3n de nuestros senos.<\/p>\n\n\n\n<p>Inici\u00f3 octubre y con \u00e9l, la campa\u00f1a rosa, a pesar de la controversia a nivel mundial de algunas mujeres de que no deber\u00eda asign\u00e1rsele ese color, en virtud de que la enfermedad no es color de rosa, sino todo lo contrario. En la cultura occidental, el color rosa representa a la salud y el bienestar; es brillante, vibrante y hasta se asocia a la mujer.<\/p>\n\n\n\n<p>Pero el color rosa tiene su historia y fue la Fundaci\u00f3n Susan G. Komen la que lo us\u00f3 por primera vez al regalar viseras rosadas a sobrevivientes de c\u00e1ncer de mama que corrieron en el Marat\u00f3n Por la Cura en 1990. Dos a\u00f1os despu\u00e9s, Charlotte Hayley inici\u00f3 una campa\u00f1a de concientizaci\u00f3n de la enfermedad. Distribuy\u00f3 lazos color melocot\u00f3n para recaudar fondos y de all\u00ed para ac\u00e1 se convirti\u00f3 en s\u00edmbolo internacional. Esa es la raz\u00f3n por la que en este mes usamos un list\u00f3n color rosa cada vez que acudimos a alg\u00fan evento del c\u00e1ncer de mama como s\u00edmbolo para concientizarnos y recordar que es de vital importancia la autoexploraci\u00f3n para prevenir y salvar millones de vidas.<\/p>\n\n\n\n<p>Seg\u00fan datos del Instituto Nacional de Estad\u00edstica y Geograf\u00eda, una de cada 8 mujeres corremos el riesgo de padecer c\u00e1ncer de mama y por desgracia gran parte de los casos se detectan en etapa avanzada.<\/p>\n\n\n\n<p>Por esta raz\u00f3n, es recomendable que las mujeres a partir de los 40 a\u00f1os, revisemos nuestro cuerpo al menos una vez al mes, acudamos a realizarnos una mastrograf\u00eda y nos mantengamos alertas a las se\u00f1ales que nuestro cuerpo mande; por eso, es de suma importancia la autoexploraci\u00f3n, ya que el 80 por ciento de los casos de c\u00e1ncer de mama detectados en etapa temprana puede lograr una sobrevida de 5 a\u00f1os.<\/p>\n\n\n\n<p>No debemos olvidar que hay factores que pueden desarrollar el c\u00e1ncer de mama, como son el consumo de alcohol y tabaco, la obesidad, el uso prolongado de anticonceptivos orales, tener antecedentes de familiares con c\u00e1ncer o tener un hijo despu\u00e9s de los 30 a\u00f1os.<\/p>\n\n\n\n<p>En Veracruz, algunos Ayuntamientos ya se han pintado de rosa con la iluminaci\u00f3n de sus fachadas y hasta han llamado a la poblaci\u00f3n a usar prendas o accesorios rosas, para recordarnos este mes; sin embargo, es indispensable que ellos lleven a cabo acciones prioritarias y pol\u00edticas p\u00fablicas para atender la enfermedad, como mastograf\u00edas gratuitas, apoyo con quimioterapias, ayuda psicol\u00f3gica y hasta pr\u00f3tesis para las mujeres a las que se les ha realizado mastectom\u00edas. La concientizaci\u00f3n es importante, pero las acciones m\u00e1s.<\/p>\n\n\n\n<p>@NumerosRojos_BC<\/p>\n\n\n\n<p><a href=\"mailto:caballero_brenda@hotmail.com\" target=\"_blank\" rel=\"noreferrer noopener\">caballero_brenda@hotmail.com<\/a><\/p>\n","protected":false},"excerpt":{"rendered":"<p>N\u00fameros Rojos Brenda Caballero El Covid 19 ha hecho que nos olvidemos de otras enfermedades que est\u00e1n presentes y latentes con altos riesgos de mortalidad, una de ellas es el c\u00e1ncer de mama. Nos hemos mantenido en casa atendiendo posibles s\u00edntomas de fiebre, tos, dolor de garganta, diarrea, etc\u00e9tera, usando cubrebocas y manteniendo sana distancia [&hellip;]<\/p>\n","protected":false},"author":1,"featured_media":387,"comment_status":"open","ping_status":"open","sticky":false,"template":"","format":"standard","meta":{"_jetpack_memberships_contains_paid_content":false,"footnotes":""},"categories":[11],"tags":[],"class_list":["post-6530","post","type-post","status-publish","format-standard","has-post-thumbnail","hentry","category-opinion"],"jetpack_featured_media_url":"https:\/\/encuentroinformativo.com.mx\/wp-content\/uploads\/2020\/03\/7CF8A22B-2764-47BE-8F7F-38FE9E5D6A2F.jpeg","jetpack_sharing_enabled":true,"jetpack_likes_enabled":true,"amp_enabled":true,"_links":{"self":[{"href":"https:\/\/encuentroinformativo.com.mx\/index.php?rest_route=\/wp\/v2\/posts\/6530","targetHints":{"allow":["GET"]}}],"collection":[{"href":"https:\/\/encuentroinformativo.com.mx\/index.php?rest_route=\/wp\/v2\/posts"}],"about":[{"href":"https:\/\/encuentroinformativo.com.mx\/index.php?rest_route=\/wp\/v2\/types\/post"}],"author":[{"embeddable":true,"href":"https:\/\/encuentroinformativo.com.mx\/index.php?rest_route=\/wp\/v2\/users\/1"}],"replies":[{"embeddable":true,"href":"https:\/\/encuentroinformativo.com.mx\/index.php?rest_route=%2Fwp%2Fv2%2Fcomments&post=6530"}],"version-history":[{"count":1,"href":"https:\/\/encuentroinformativo.com.mx\/index.php?rest_route=\/wp\/v2\/posts\/6530\/revisions"}],"predecessor-version":[{"id":6531,"href":"https:\/\/encuentroinformativo.com.mx\/index.php?rest_route=\/wp\/v2\/posts\/6530\/revisions\/6531"}],"wp:featuredmedia":[{"embeddable":true,"href":"https:\/\/encuentroinformativo.com.mx\/index.php?rest_route=\/wp\/v2\/media\/387"}],"wp:attachment":[{"href":"https:\/\/encuentroinformativo.com.mx\/index.php?rest_route=%2Fwp%2Fv2%2Fmedia&parent=6530"}],"wp:term":[{"taxonomy":"category","embeddable":true,"href":"https:\/\/encuentroinformativo.com.mx\/index.php?rest_route=%2Fwp%2Fv2%2Fcategories&post=6530"},{"taxonomy":"post_tag","embeddable":true,"href":"https:\/\/encuentroinformativo.com.mx\/index.php?rest_route=%2Fwp%2Fv2%2Ftags&post=6530"}],"curies":[{"name":"wp","href":"https:\/\/api.w.org\/{rel}","templated":true}]}}