{"id":65308,"date":"2025-03-31T12:41:49","date_gmt":"2025-03-31T18:41:49","guid":{"rendered":"https:\/\/encuentroinformativo.com.mx\/?p=65308"},"modified":"2025-03-31T12:41:49","modified_gmt":"2025-03-31T18:41:49","slug":"de-manera-legal-no-existimos-en-el-codigo-civil-denuncia-movit","status":"publish","type":"post","link":"https:\/\/encuentroinformativo.com.mx\/?p=65308","title":{"rendered":"De manera legal no existimos en el C\u00f3digo Civil, denuncia MOVIT"},"content":{"rendered":"<p><strong>Alejandro \u00c1vila<\/strong><\/p>\n<p>Veracruz, Ver.- La Asociaci\u00f3n &#8220;Movimiento de Inclusi\u00f3n Trans&#8221; (MOVIT), denunci\u00f3 que a pesar de la lucha, de manera legal a\u00fan no existen en el C\u00f3digo Civil de Veracruz y recalc\u00f3 que ya deber\u00eda de haber una jurisprudencia al respecto a nivel nacional.<\/p>\n<p>&#8220;No tenemos certeza jur\u00eddica, no tenemos acceso de manera laboral, educativa, seguridad social, pero todo esto se debe a que no tenemos certeza jur\u00eddica, de manera legal no existimos dentro del C\u00f3digo Civil del Estado de Veracruz, aunque ya es cierto que deber\u00eda de haber una jurisprudencia a nivel nacional, la realidad es que a nivel estatal nos hemos quedado cortas. Entonces, al no tener certeza jur\u00eddica, pues el estigma, la segregaci\u00f3n, y el odio hacia las personas trans es totalmente certero&#8221;, expuso Paloma Rafaela Pulido Cano, sub directora de MOVIT.<\/p>\n<p>La tarde de este lunes 31 de marzo se realizar\u00e1 en el hotel Veracruz en punto de las 4 de la tarde la conferencia &#8220;Voces Trans&#8221;, donde diversas personalidades platicar\u00e1n sobre la situaci\u00f3n que viven d\u00eda a d\u00eda.<\/p>\n<p>Vianey Jeffrey, presidenta de la Asociaci\u00f3n Movimiento de Inclusi\u00f3n Trans (MOVIT), se\u00f1al\u00f3 que la intenci\u00f3n es sensibilizar a toda la sociedad para que conozcan que las personas trans tambi\u00e9n tienen derechos, sobre todo, pugnar m\u00e1s fuerte para que se concrete la Ley de Identidad.<\/p>\n<p>&#8220;Acceso a la salud, creo que es algo muy importante, acceso a un trabajo digno, yo creo que eso es muy importante sobre las pol\u00edticas p\u00fablicas que se manejan, son cosas que todav\u00eda no se nos han hecho realidad y seguimos en la lucha&#8221;, subray\u00f3.<\/p>\n","protected":false},"excerpt":{"rendered":"<p>Alejandro \u00c1vila Veracruz, Ver.- La Asociaci\u00f3n &#8220;Movimiento de Inclusi\u00f3n Trans&#8221; (MOVIT), denunci\u00f3 que a pesar de la lucha, de manera legal a\u00fan no existen en el C\u00f3digo Civil de Veracruz y recalc\u00f3 que ya deber\u00eda de haber una jurisprudencia al respecto a nivel nacional. &#8220;No tenemos certeza jur\u00eddica, no tenemos acceso de manera laboral, educativa, [&hellip;]<\/p>\n","protected":false},"author":2476,"featured_media":65309,"comment_status":"open","ping_status":"open","sticky":false,"template":"","format":"standard","meta":{"_jetpack_memberships_contains_paid_content":false,"footnotes":""},"categories":[2],"tags":[],"class_list":["post-65308","post","type-post","status-publish","format-standard","has-post-thumbnail","hentry","category-estado"],"jetpack_featured_media_url":"https:\/\/encuentroinformativo.com.mx\/wp-content\/uploads\/2025\/03\/IMG-20250331-WA01192.jpg","jetpack_sharing_enabled":true,"jetpack_likes_enabled":true,"amp_enabled":true,"_links":{"self":[{"href":"https:\/\/encuentroinformativo.com.mx\/index.php?rest_route=\/wp\/v2\/posts\/65308","targetHints":{"allow":["GET"]}}],"collection":[{"href":"https:\/\/encuentroinformativo.com.mx\/index.php?rest_route=\/wp\/v2\/posts"}],"about":[{"href":"https:\/\/encuentroinformativo.com.mx\/index.php?rest_route=\/wp\/v2\/types\/post"}],"author":[{"embeddable":true,"href":"https:\/\/encuentroinformativo.com.mx\/index.php?rest_route=\/wp\/v2\/users\/2476"}],"replies":[{"embeddable":true,"href":"https:\/\/encuentroinformativo.com.mx\/index.php?rest_route=%2Fwp%2Fv2%2Fcomments&post=65308"}],"version-history":[{"count":1,"href":"https:\/\/encuentroinformativo.com.mx\/index.php?rest_route=\/wp\/v2\/posts\/65308\/revisions"}],"predecessor-version":[{"id":65310,"href":"https:\/\/encuentroinformativo.com.mx\/index.php?rest_route=\/wp\/v2\/posts\/65308\/revisions\/65310"}],"wp:featuredmedia":[{"embeddable":true,"href":"https:\/\/encuentroinformativo.com.mx\/index.php?rest_route=\/wp\/v2\/media\/65309"}],"wp:attachment":[{"href":"https:\/\/encuentroinformativo.com.mx\/index.php?rest_route=%2Fwp%2Fv2%2Fmedia&parent=65308"}],"wp:term":[{"taxonomy":"category","embeddable":true,"href":"https:\/\/encuentroinformativo.com.mx\/index.php?rest_route=%2Fwp%2Fv2%2Fcategories&post=65308"},{"taxonomy":"post_tag","embeddable":true,"href":"https:\/\/encuentroinformativo.com.mx\/index.php?rest_route=%2Fwp%2Fv2%2Ftags&post=65308"}],"curies":[{"name":"wp","href":"https:\/\/api.w.org\/{rel}","templated":true}]}}