{"id":65314,"date":"2025-03-31T14:14:56","date_gmt":"2025-03-31T20:14:56","guid":{"rendered":"https:\/\/encuentroinformativo.com.mx\/?p=65314"},"modified":"2025-03-31T14:14:56","modified_gmt":"2025-03-31T20:14:56","slug":"willy-inurreta-es-mister-model-veracruz-2025","status":"publish","type":"post","link":"https:\/\/encuentroinformativo.com.mx\/?p=65314","title":{"rendered":"Willy Inurreta es M\u00edster Model Veracruz 2025"},"content":{"rendered":"<p><strong>Alejandro \u00c1vila<\/strong><\/p>\n<p>Veracruz, Ver.- El joven de 21 a\u00f1os de edad, Willy Inurreta, estudiante de la licenciatura en Nutrici\u00f3n, recibi\u00f3 su investidura como M\u00edster Model Veracruz 2025, teniendo as\u00ed su pase al certamen nacional, pr\u00f3ximo a realizarse en el mes de julio en la CDMX.<\/p>\n<p>En conferencia de prensa realizada en el Hotel Veracruz Centro Hist\u00f3rico se llev\u00f3 a cabo la ceremonia de investidura de Willy Inurreta como M\u00edster Model Veracruz 2025 ante la presencia de los directivos de la marca as\u00ed como reinas de belleza, medios de comunicaci\u00f3n e invitados especiales.<\/p>\n<p>Willy Inurreta recibi\u00f3 la banda de manos de Brian Fougier, M\u00edster Model M\u00e9xico 2024. Se cont\u00f3 con la presencia en el pres\u00eddium de Beto Santa Rosa, director Municipal; Fausto Santiago, director Estatal y \u00d3scar Serv\u00edn, director Nacional.<\/p>\n<p>Tras recibir su investidura, Willy Inurreta dijo sentirse comprometido con Veracruz de representar dignamente a los j\u00f3venes de nuestra entidad. Agradeci\u00f3 a la Direcci\u00f3n de M\u00edster Model la confianza que han tenido en \u00e9l y exhort\u00f3 a los j\u00f3venes a atreverse y cumplir sus sue\u00f1os.<\/p>\n<p>Actualmente, Guillermo (Willy) Inurreta Del Cueto cursa el sexto semestre de la carrera de Nutrici\u00f3n, al mismo tiempo que se desempe\u00f1a como masajista deportivo y entrenador de artes marciales y entrenamiento funcional.<\/p>\n<p>Su pasi\u00f3n por las artes marciales ha sido una constante en su vida, fusionando disciplina, fuerza y determinaci\u00f3n en cada aspecto de su desarrollo personal y profesional. No es ajeno a los cert\u00e1menes de modelaje, ya que en 2024 fue Mr. Teen Veracruz, marcando el inicio de una carrera ascendente en esta industria.<\/p>\n<p>Por su parte el director nacional, \u00d3scar Serv\u00edn, inform\u00f3 que la concentraci\u00f3n de los participantes inicia el 15 de julio y la gala final ser\u00e1 el 18 de julio en la CDMX.<\/p>\n<p>Estar\u00e1n participando 33 j\u00f3venes ya que a partir de este a\u00f1o M\u00edster Model M\u00e9xico incluye un chico de la comunidad mexicana radicada en Estados Unidos. Adem\u00e1s en la gala final se otorgar\u00e1n cuatro t\u00edtulos m\u00e1s: M\u00edster Intercontinental, M\u00edster Global, Caballero Universal y uno m\u00e1s que en breve se revelar\u00e1.<\/p>\n<p>Como invitados especiales: Fernanda Pumar, Miss Universe Veracruz 2025 y C\u00e9sar Guerrero, M\u00edster Teen Alvarado.<\/p>\n","protected":false},"excerpt":{"rendered":"<p>Alejandro \u00c1vila Veracruz, Ver.- El joven de 21 a\u00f1os de edad, Willy Inurreta, estudiante de la licenciatura en Nutrici\u00f3n, recibi\u00f3 su investidura como M\u00edster Model Veracruz 2025, teniendo as\u00ed su pase al certamen nacional, pr\u00f3ximo a realizarse en el mes de julio en la CDMX. En conferencia de prensa realizada en el Hotel Veracruz Centro [&hellip;]<\/p>\n","protected":false},"author":2476,"featured_media":65315,"comment_status":"open","ping_status":"open","sticky":false,"template":"","format":"standard","meta":{"_jetpack_memberships_contains_paid_content":false,"footnotes":""},"categories":[2],"tags":[],"class_list":["post-65314","post","type-post","status-publish","format-standard","has-post-thumbnail","hentry","category-estado"],"jetpack_featured_media_url":"https:\/\/encuentroinformativo.com.mx\/wp-content\/uploads\/2025\/03\/IMG-20250331-WA01362.jpg","jetpack_sharing_enabled":true,"jetpack_likes_enabled":true,"amp_enabled":true,"_links":{"self":[{"href":"https:\/\/encuentroinformativo.com.mx\/index.php?rest_route=\/wp\/v2\/posts\/65314","targetHints":{"allow":["GET"]}}],"collection":[{"href":"https:\/\/encuentroinformativo.com.mx\/index.php?rest_route=\/wp\/v2\/posts"}],"about":[{"href":"https:\/\/encuentroinformativo.com.mx\/index.php?rest_route=\/wp\/v2\/types\/post"}],"author":[{"embeddable":true,"href":"https:\/\/encuentroinformativo.com.mx\/index.php?rest_route=\/wp\/v2\/users\/2476"}],"replies":[{"embeddable":true,"href":"https:\/\/encuentroinformativo.com.mx\/index.php?rest_route=%2Fwp%2Fv2%2Fcomments&post=65314"}],"version-history":[{"count":1,"href":"https:\/\/encuentroinformativo.com.mx\/index.php?rest_route=\/wp\/v2\/posts\/65314\/revisions"}],"predecessor-version":[{"id":65316,"href":"https:\/\/encuentroinformativo.com.mx\/index.php?rest_route=\/wp\/v2\/posts\/65314\/revisions\/65316"}],"wp:featuredmedia":[{"embeddable":true,"href":"https:\/\/encuentroinformativo.com.mx\/index.php?rest_route=\/wp\/v2\/media\/65315"}],"wp:attachment":[{"href":"https:\/\/encuentroinformativo.com.mx\/index.php?rest_route=%2Fwp%2Fv2%2Fmedia&parent=65314"}],"wp:term":[{"taxonomy":"category","embeddable":true,"href":"https:\/\/encuentroinformativo.com.mx\/index.php?rest_route=%2Fwp%2Fv2%2Fcategories&post=65314"},{"taxonomy":"post_tag","embeddable":true,"href":"https:\/\/encuentroinformativo.com.mx\/index.php?rest_route=%2Fwp%2Fv2%2Ftags&post=65314"}],"curies":[{"name":"wp","href":"https:\/\/api.w.org\/{rel}","templated":true}]}}