{"id":65320,"date":"2025-03-31T14:39:12","date_gmt":"2025-03-31T20:39:12","guid":{"rendered":"https:\/\/encuentroinformativo.com.mx\/?p=65320"},"modified":"2025-03-31T14:39:12","modified_gmt":"2025-03-31T20:39:12","slug":"rechazan-colectivos-calendarios-de-busqueda","status":"publish","type":"post","link":"https:\/\/encuentroinformativo.com.mx\/?p=65320","title":{"rendered":"Rechazan Colectivos calendarios de b\u00fasqueda"},"content":{"rendered":"<p><strong>Dar\u00edo Pale<\/strong><\/p>\n<p>Xalapa, Ver.- Integrantes de Colectivos de desaparecidos se manifestaron desde temprana hora cerrando la calle de Revoluci\u00f3n y posteriormente la calle de Enr\u00edquez, ya que rechazan la calendarizaci\u00f3n de las b\u00fasquedas de sus familiares, adem\u00e1s de que exigen que el gobierno destine m\u00e1s recurso humano al \u00e1rea de b\u00fasqueda.<\/p>\n<p>Durante una protesta que fue llevada al centro de Xalapa, algunos l\u00edderes de estos colectivos, aseveraron qu\u00e9 es necesario contratar m\u00e1s personal dedicado a las acciones de b\u00fasqueda.<\/p>\n<p>Dieron a conocer qu\u00e9 apenas el fin de semana sali\u00f3 la convocatoria para quien ocupar\u00e1 la titularidad de comisionada estatal, por lo que es necesario buscar el di\u00e1logo con el Secretario de Gobierno y evidenciar los atropellamientos que han sido v\u00edctimas desde la Comisi\u00f3n Estatal de B\u00fasqueda (CEB).<\/p>\n<p>En este sentido, indicaron que dentro de estos atropellamientos se encuentra justamente el despido de personal, pues con ello se afectan los trabajos de b\u00fasqueda.<\/p>\n<p>Adem\u00e1s resaltaron qu\u00e9 se trata de personal capacitado, y con la llegada de empleados nuevos se retrasan las labores.<\/p>\n<p>Finalmente, comentaron que es urgente que la CEB le de seguimiento a los expedientes, as\u00ed como que se d\u00e9 capacitaci\u00f3n a los elementos de la Secretar\u00eda de Seguridad P\u00fablica.<\/p>\n<p><img loading=\"lazy\" decoding=\"async\" class=\"alignnone size-medium wp-image-65322\" src=\"https:\/\/encuentroinformativo.com.mx\/wp-content\/uploads\/2025\/03\/IMG-20250331-WA0184-300x225.jpg\" alt=\"\" width=\"300\" height=\"225\" srcset=\"https:\/\/encuentroinformativo.com.mx\/wp-content\/uploads\/2025\/03\/IMG-20250331-WA0184-300x225.jpg 300w, https:\/\/encuentroinformativo.com.mx\/wp-content\/uploads\/2025\/03\/IMG-20250331-WA0184-1024x768.jpg 1024w, https:\/\/encuentroinformativo.com.mx\/wp-content\/uploads\/2025\/03\/IMG-20250331-WA0184-768x576.jpg 768w, https:\/\/encuentroinformativo.com.mx\/wp-content\/uploads\/2025\/03\/IMG-20250331-WA0184.jpg 1280w\" sizes=\"auto, (max-width: 300px) 100vw, 300px\" \/><\/p>\n","protected":false},"excerpt":{"rendered":"<p>Dar\u00edo Pale Xalapa, Ver.- Integrantes de Colectivos de desaparecidos se manifestaron desde temprana hora cerrando la calle de Revoluci\u00f3n y posteriormente la calle de Enr\u00edquez, ya que rechazan la calendarizaci\u00f3n de las b\u00fasquedas de sus familiares, adem\u00e1s de que exigen que el gobierno destine m\u00e1s recurso humano al \u00e1rea de b\u00fasqueda. Durante una protesta que [&hellip;]<\/p>\n","protected":false},"author":2476,"featured_media":65321,"comment_status":"open","ping_status":"open","sticky":false,"template":"","format":"standard","meta":{"_jetpack_memberships_contains_paid_content":false,"footnotes":""},"categories":[2],"tags":[],"class_list":["post-65320","post","type-post","status-publish","format-standard","has-post-thumbnail","hentry","category-estado"],"jetpack_featured_media_url":"https:\/\/encuentroinformativo.com.mx\/wp-content\/uploads\/2025\/03\/IMG-20250331-WA0183.jpg","jetpack_sharing_enabled":true,"jetpack_likes_enabled":true,"amp_enabled":true,"_links":{"self":[{"href":"https:\/\/encuentroinformativo.com.mx\/index.php?rest_route=\/wp\/v2\/posts\/65320","targetHints":{"allow":["GET"]}}],"collection":[{"href":"https:\/\/encuentroinformativo.com.mx\/index.php?rest_route=\/wp\/v2\/posts"}],"about":[{"href":"https:\/\/encuentroinformativo.com.mx\/index.php?rest_route=\/wp\/v2\/types\/post"}],"author":[{"embeddable":true,"href":"https:\/\/encuentroinformativo.com.mx\/index.php?rest_route=\/wp\/v2\/users\/2476"}],"replies":[{"embeddable":true,"href":"https:\/\/encuentroinformativo.com.mx\/index.php?rest_route=%2Fwp%2Fv2%2Fcomments&post=65320"}],"version-history":[{"count":1,"href":"https:\/\/encuentroinformativo.com.mx\/index.php?rest_route=\/wp\/v2\/posts\/65320\/revisions"}],"predecessor-version":[{"id":65323,"href":"https:\/\/encuentroinformativo.com.mx\/index.php?rest_route=\/wp\/v2\/posts\/65320\/revisions\/65323"}],"wp:featuredmedia":[{"embeddable":true,"href":"https:\/\/encuentroinformativo.com.mx\/index.php?rest_route=\/wp\/v2\/media\/65321"}],"wp:attachment":[{"href":"https:\/\/encuentroinformativo.com.mx\/index.php?rest_route=%2Fwp%2Fv2%2Fmedia&parent=65320"}],"wp:term":[{"taxonomy":"category","embeddable":true,"href":"https:\/\/encuentroinformativo.com.mx\/index.php?rest_route=%2Fwp%2Fv2%2Fcategories&post=65320"},{"taxonomy":"post_tag","embeddable":true,"href":"https:\/\/encuentroinformativo.com.mx\/index.php?rest_route=%2Fwp%2Fv2%2Ftags&post=65320"}],"curies":[{"name":"wp","href":"https:\/\/api.w.org\/{rel}","templated":true}]}}