{"id":65324,"date":"2025-03-31T14:50:02","date_gmt":"2025-03-31T20:50:02","guid":{"rendered":"https:\/\/encuentroinformativo.com.mx\/?p=65324"},"modified":"2025-03-31T14:50:02","modified_gmt":"2025-03-31T20:50:02","slug":"cambios-en-turismo-y-comunicacion-renuncian-funcionarias-gobernadora","status":"publish","type":"post","link":"https:\/\/encuentroinformativo.com.mx\/?p=65324","title":{"rendered":"Cambios en Turismo y Comunicaci\u00f3n, renuncian funcionarias: Gobernadora"},"content":{"rendered":"<p><strong>Dar\u00edo Pale<\/strong><\/p>\n<p>Xalapa, Ver.- A cuatro meses se van dos funcionarias del gobierno del estado Adriana Mu\u00f1oz y de Dulce Mar\u00eda de la Reguera (La Nena), de la Coordinaci\u00f3n de Comunicaci\u00f3n Social y Turismo, respectivamente, as\u00ed lo dio a conocer la gobernadora Norma Roc\u00edo Nahle Garc\u00eda.<\/p>\n<p>En conferencia de prensa desde Palacio de Gobierno, la mandataria se\u00f1al\u00f3 que se trata de un tema personal, adem\u00e1s asegur\u00f3 que desde el mes de enero ya hab\u00eda solicitado su salida de esa dependencia la secretaria de turismo.<\/p>\n<p>Este lunes revel\u00f3 que desde finales de enero, por un tema personal, Nena de la Reguera present\u00f3 su renuncia; sin embargo le pidi\u00f3 que le siguiera ayudando ya que comenzaba la administraci\u00f3n, no obstante, fue la semana pasada que recibi\u00f3 su renuncia.<\/p>\n<p>&#8220;Le estoy muy agradecida porque efectivamente, me ayud\u00f3 a recibir la Secretar\u00eda de Turismo. Es una persona que nos ayud\u00f3 cuando nadie quer\u00eda, en Boca del R\u00edo, ella nos ayud\u00f3 a conformar el Movimiento. Tiene muy buenas relaciones, tiene un buen car\u00e1cter&#8221;.<\/p>\n<p>Asimismo, dijo que de momento estar\u00e1 un administrador temporal al frente de la entrega-recepci\u00f3n, en tanto se define al nuevo titular de la Secretar\u00eda de Turismo.<\/p>\n<p>De igual forma anunci\u00f3 la salida de Adriana Mu\u00f1oz en la titularidad de la Coordinaci\u00f3n de Comunicaci\u00f3n Social a partir de este martes, pues dijo que contender\u00e1 en el proceso electoral local del puerto de Veracruz a una regidur\u00eda.<\/p>\n<p>&#8220;Adriana Mu\u00f1oz va a participar en una contienda en la ciudad de Veracruz y a partir de ma\u00f1ana nos deja, as\u00ed es esto, va en la planilla de Rosa Mar\u00eda Hern\u00e1ndez Espejo, como regidora&#8221;, se\u00f1al\u00f3.<\/p>\n<p>En este caso, dijo que Mu\u00f1oz Cabrera se ir\u00e1 a la planilla de Morena en el puerto de Veracruz como regidora, en la Coordinaci\u00f3n de Comunicaci\u00f3n Social se queda Rodolfo Bauzas.<\/p>\n<p><img loading=\"lazy\" decoding=\"async\" class=\"alignnone size-medium wp-image-65326\" src=\"https:\/\/encuentroinformativo.com.mx\/wp-content\/uploads\/2025\/03\/IMG-20250331-WA0161-300x200.jpg\" alt=\"\" width=\"300\" height=\"200\" srcset=\"https:\/\/encuentroinformativo.com.mx\/wp-content\/uploads\/2025\/03\/IMG-20250331-WA0161-300x200.jpg 300w, https:\/\/encuentroinformativo.com.mx\/wp-content\/uploads\/2025\/03\/IMG-20250331-WA0161-1024x682.jpg 1024w, https:\/\/encuentroinformativo.com.mx\/wp-content\/uploads\/2025\/03\/IMG-20250331-WA0161-768x512.jpg 768w, https:\/\/encuentroinformativo.com.mx\/wp-content\/uploads\/2025\/03\/IMG-20250331-WA0161.jpg 1280w\" sizes=\"auto, (max-width: 300px) 100vw, 300px\" \/><\/p>\n","protected":false},"excerpt":{"rendered":"<p>Dar\u00edo Pale Xalapa, Ver.- A cuatro meses se van dos funcionarias del gobierno del estado Adriana Mu\u00f1oz y de Dulce Mar\u00eda de la Reguera (La Nena), de la Coordinaci\u00f3n de Comunicaci\u00f3n Social y Turismo, respectivamente, as\u00ed lo dio a conocer la gobernadora Norma Roc\u00edo Nahle Garc\u00eda. En conferencia de prensa desde Palacio de Gobierno, la [&hellip;]<\/p>\n","protected":false},"author":2476,"featured_media":65325,"comment_status":"open","ping_status":"open","sticky":false,"template":"","format":"standard","meta":{"_jetpack_memberships_contains_paid_content":false,"footnotes":""},"categories":[2],"tags":[],"class_list":["post-65324","post","type-post","status-publish","format-standard","has-post-thumbnail","hentry","category-estado"],"jetpack_featured_media_url":"https:\/\/encuentroinformativo.com.mx\/wp-content\/uploads\/2025\/03\/IMG-20250331-WA0163.jpg","jetpack_sharing_enabled":true,"jetpack_likes_enabled":true,"amp_enabled":true,"_links":{"self":[{"href":"https:\/\/encuentroinformativo.com.mx\/index.php?rest_route=\/wp\/v2\/posts\/65324","targetHints":{"allow":["GET"]}}],"collection":[{"href":"https:\/\/encuentroinformativo.com.mx\/index.php?rest_route=\/wp\/v2\/posts"}],"about":[{"href":"https:\/\/encuentroinformativo.com.mx\/index.php?rest_route=\/wp\/v2\/types\/post"}],"author":[{"embeddable":true,"href":"https:\/\/encuentroinformativo.com.mx\/index.php?rest_route=\/wp\/v2\/users\/2476"}],"replies":[{"embeddable":true,"href":"https:\/\/encuentroinformativo.com.mx\/index.php?rest_route=%2Fwp%2Fv2%2Fcomments&post=65324"}],"version-history":[{"count":1,"href":"https:\/\/encuentroinformativo.com.mx\/index.php?rest_route=\/wp\/v2\/posts\/65324\/revisions"}],"predecessor-version":[{"id":65327,"href":"https:\/\/encuentroinformativo.com.mx\/index.php?rest_route=\/wp\/v2\/posts\/65324\/revisions\/65327"}],"wp:featuredmedia":[{"embeddable":true,"href":"https:\/\/encuentroinformativo.com.mx\/index.php?rest_route=\/wp\/v2\/media\/65325"}],"wp:attachment":[{"href":"https:\/\/encuentroinformativo.com.mx\/index.php?rest_route=%2Fwp%2Fv2%2Fmedia&parent=65324"}],"wp:term":[{"taxonomy":"category","embeddable":true,"href":"https:\/\/encuentroinformativo.com.mx\/index.php?rest_route=%2Fwp%2Fv2%2Fcategories&post=65324"},{"taxonomy":"post_tag","embeddable":true,"href":"https:\/\/encuentroinformativo.com.mx\/index.php?rest_route=%2Fwp%2Fv2%2Ftags&post=65324"}],"curies":[{"name":"wp","href":"https:\/\/api.w.org\/{rel}","templated":true}]}}