{"id":65328,"date":"2025-03-31T15:52:38","date_gmt":"2025-03-31T21:52:38","guid":{"rendered":"https:\/\/encuentroinformativo.com.mx\/?p=65328"},"modified":"2025-03-31T15:52:38","modified_gmt":"2025-03-31T21:52:38","slug":"magistrados-tienen-una-oportunidad-historica-para-acercarse-a-la-sociedad-eva-barrientos","status":"publish","type":"post","link":"https:\/\/encuentroinformativo.com.mx\/?p=65328","title":{"rendered":"Magistrados tienen una oportunidad hist\u00f3rica para acercarse a la sociedad: Eva Barrientos"},"content":{"rendered":"<p><strong>Alejandro \u00c1vila<\/strong><\/p>\n<p>Veracruz, Ver.- Los aspirantes a los distintos puestos en la elecci\u00f3n del Poder Judicial tienen la oportunidad hist\u00f3rica de acercarse a la ciudadan\u00eda y finalmente escuchar la situaci\u00f3n que les aqueja, se\u00f1al\u00f3 Eva Barrientos Zepeda, aspirante a magistrada en la Sala Regional Xalapa del Tribunal Electoral del Poder Judicial de la Federaci\u00f3n.<\/p>\n<p>La veracruzana se\u00f1al\u00f3 que su \u00e1mbito de gesti\u00f3n se extender\u00eda a 7 estados del sureste de M\u00e9xico: Veracruz, Oaxaca, Quintana Roo, Campeche Tabasco, Yucat\u00e1n y Chiapas, en donde por primera vez en su historia, ser\u00e1n electos por voto popular, las y los magistrados de esta instituci\u00f3n, que tiene como objetivo principal resolver controversias en materia electoral dentro de su respectiva \u00e1rea de influencia, denominada Tercera Circunscripci\u00f3n Plurinominal.<\/p>\n<p>La actual Magistrada Presidenta de la Sala Xalapa comienza as\u00ed su campa\u00f1a, conminando a la ciudadan\u00eda que acudir\u00e1 a las urnas este pr\u00f3ximo 1 de junio, a votar por ella ubic\u00e1ndola en la boleta color mel\u00f3n, en el n\u00famero 02, bajo el nombre de Barrientos Zepeda Eva, a la vez que invita a quienes est\u00e9n interesados en conocer m\u00e1s sobre esta trascendental elecci\u00f3n, a seguirla en sus redes sociales de Instagram: evabarrientoszepeda, en Facebook: Eva Barrientos Zepeda y Tik Tok: evabarrientosze, en donde explicar\u00e1 de d\u00f3nde nace su pasi\u00f3n por el derecho electoral y otros aspectos relevantes de la elecci\u00f3n de diversos cargos del Poder Judicial.<\/p>\n<p>Quien fuera galardonada por la Barra de Abogados Electorales de M\u00e9xico AC. Flavio Galv\u00e1n y distinguida con la Medalla pro Igualdad otorgada por la Universidad de Xalapa, la Medalla \u201cIlluminato a la Trayectoria \u00danica Internacional\u201d, por la Federaci\u00f3n Iberoamericana de Abogados y la \u201cPresea al M\u00e9rito Profesional\u201d por parte de la Academia L\u00edder en Formaci\u00f3n Avanzada, considera necesario \u201cque como personas juzgadoras del \u00e1mbito electoral nos dirijamos a la ciudadan\u00eda con claridad y cercan\u00eda para explicarles cu\u00e1l es nuestra funci\u00f3n y porqu\u00e9 es tan importante que lleguen a los tribunales personas no solo destacadas acad\u00e9mica y profesionalmente, sino con valores, \u00e9tica y sensibilidad para ejercer su labor con humanismo y honestidad\u201d.<\/p>\n<p>La autora del libro \u201cViolencia Pol\u00edtica contra las Mujeres, infograf\u00edas\u201d y especialista en Valoraci\u00f3n Racional de la Prueba y \u00d3ptica de la Perspectiva en G\u00e9nero por la Universidad de Girona, Espa\u00f1a y M\u00e1ster en Derechos Humanos con Perspectiva de G\u00e9nero y Paridad Pol\u00edtico \u2013 Electoral, por la Universidad Castilla La Mancha, Espa\u00f1a, tambi\u00e9n se refiri\u00f3 al papel crucial en esta in\u00e9dita elecci\u00f3n, de las redes sociales y los medios de comunicaci\u00f3n, \u201clos cuales afortunadamente nos dan una oportunidad de oro para llegar a un amplio rango de votantes, llevando a cabo campa\u00f1as austeras pero con mucho contenido informativo, que nos acerque todos los estratos de la sociedad, sobre todo a las y los j\u00f3venes, quienes ser\u00e1n las y los magistrados del futuro, y que tendr\u00e1n en esta primera elecci\u00f3n de personas juzgadoras, una base para trazar sus metas y sue\u00f1os profesionales\u201d.<\/p>\n","protected":false},"excerpt":{"rendered":"<p>Alejandro \u00c1vila Veracruz, Ver.- Los aspirantes a los distintos puestos en la elecci\u00f3n del Poder Judicial tienen la oportunidad hist\u00f3rica de acercarse a la ciudadan\u00eda y finalmente escuchar la situaci\u00f3n que les aqueja, se\u00f1al\u00f3 Eva Barrientos Zepeda, aspirante a magistrada en la Sala Regional Xalapa del Tribunal Electoral del Poder Judicial de la Federaci\u00f3n. La [&hellip;]<\/p>\n","protected":false},"author":2476,"featured_media":65329,"comment_status":"open","ping_status":"open","sticky":false,"template":"","format":"standard","meta":{"_jetpack_memberships_contains_paid_content":false,"footnotes":""},"categories":[2],"tags":[],"class_list":["post-65328","post","type-post","status-publish","format-standard","has-post-thumbnail","hentry","category-estado"],"jetpack_featured_media_url":"https:\/\/encuentroinformativo.com.mx\/wp-content\/uploads\/2025\/03\/IMG-20250331-WA02602.jpg","jetpack_sharing_enabled":true,"jetpack_likes_enabled":true,"amp_enabled":true,"_links":{"self":[{"href":"https:\/\/encuentroinformativo.com.mx\/index.php?rest_route=\/wp\/v2\/posts\/65328","targetHints":{"allow":["GET"]}}],"collection":[{"href":"https:\/\/encuentroinformativo.com.mx\/index.php?rest_route=\/wp\/v2\/posts"}],"about":[{"href":"https:\/\/encuentroinformativo.com.mx\/index.php?rest_route=\/wp\/v2\/types\/post"}],"author":[{"embeddable":true,"href":"https:\/\/encuentroinformativo.com.mx\/index.php?rest_route=\/wp\/v2\/users\/2476"}],"replies":[{"embeddable":true,"href":"https:\/\/encuentroinformativo.com.mx\/index.php?rest_route=%2Fwp%2Fv2%2Fcomments&post=65328"}],"version-history":[{"count":2,"href":"https:\/\/encuentroinformativo.com.mx\/index.php?rest_route=\/wp\/v2\/posts\/65328\/revisions"}],"predecessor-version":[{"id":65331,"href":"https:\/\/encuentroinformativo.com.mx\/index.php?rest_route=\/wp\/v2\/posts\/65328\/revisions\/65331"}],"wp:featuredmedia":[{"embeddable":true,"href":"https:\/\/encuentroinformativo.com.mx\/index.php?rest_route=\/wp\/v2\/media\/65329"}],"wp:attachment":[{"href":"https:\/\/encuentroinformativo.com.mx\/index.php?rest_route=%2Fwp%2Fv2%2Fmedia&parent=65328"}],"wp:term":[{"taxonomy":"category","embeddable":true,"href":"https:\/\/encuentroinformativo.com.mx\/index.php?rest_route=%2Fwp%2Fv2%2Fcategories&post=65328"},{"taxonomy":"post_tag","embeddable":true,"href":"https:\/\/encuentroinformativo.com.mx\/index.php?rest_route=%2Fwp%2Fv2%2Ftags&post=65328"}],"curies":[{"name":"wp","href":"https:\/\/api.w.org\/{rel}","templated":true}]}}