{"id":65338,"date":"2025-03-31T19:33:32","date_gmt":"2025-04-01T01:33:32","guid":{"rendered":"https:\/\/encuentroinformativo.com.mx\/?p=65338"},"modified":"2025-03-31T19:33:32","modified_gmt":"2025-04-01T01:33:32","slug":"inicia-congreso-proceso-de-consulta-para-reformar-articulo-5-constitucional","status":"publish","type":"post","link":"https:\/\/encuentroinformativo.com.mx\/?p=65338","title":{"rendered":"Inicia Congreso proceso de consulta para reformar Art\u00edculo 5 constitucional"},"content":{"rendered":"<p><strong>* Participan comisiones legislativas, \u00f3rganos garante y asesor, gobierno estatal y grupo t\u00e9cnico interinstitucional.<\/strong><\/p>\n<p style=\"font-weight: 400;\">Xalapa, Ver.- Este Congreso, a trav\u00e9s de las Comisiones Permanentes Unidas de Justicia y Puntos Constitucionales y de Asuntos Ind\u00edgenas y de las Comunidades Afrodescendientes, inici\u00f3 el proceso de consulta previa, libre, informada y culturalmente adecuada a los pueblos y comunidades ind\u00edgenas y afromexicanas de la entidad, respecto de la iniciativa con proyecto de decreto que reforma el Art\u00edculo 5 de la Constituci\u00f3n Pol\u00edtica del estado, presentada por la gobernadora de Veracruz, Roc\u00edo Nahle Garc\u00eda, a fin de armonizarlo con el Art\u00edculo 2\u00b0 de la Carta Magna federal.<\/p>\n<p style=\"font-weight: 400;\">En la sala Jes\u00fas Reyes Heroles del Palacio Legislativo, los presidentes de ambas comisiones, diputados Carlos Marcelo Ruiz S\u00e1nchez y Urbano Bautista Mart\u00ednez, respectivamente, con la participaci\u00f3n de la Comisi\u00f3n Estatal de los Derechos Humanos de Veracruz (CEDHV), como \u00f3rgano garante, del Instituto Nacional de los Pueblos Ind\u00edgenas (INPI), como \u00f3rgano asesor, titulares y representantes de distintas \u00e1reas de la administraci\u00f3n p\u00fablica estatal y el grupo t\u00e9cnico interinstitucional llevaron a cabo la primera reuni\u00f3n.<\/p>\n<p style=\"font-weight: 400;\">En \u00e9sta, se entreg\u00f3 a las y los participantes los proyectos de protocolo para el proceso de consulta y de convocatoria para su revisi\u00f3n y posterior aprobaci\u00f3n y formal emisi\u00f3n para llevar a cabo las consultas, y a partir de las observaciones que hagan las y los participantes elaborar el dictamen respectivo que ser\u00e1 puesto a consideraci\u00f3n del Pleno de la LXVII Legislatura.<\/p>\n<p style=\"font-weight: 400;\">Participaron en esta primera reuni\u00f3n la vocal de la Comisi\u00f3n Permanente de Asuntos Ind\u00edgenas y de las Comunidades Afrodescendientes, diputada Dulce Mar\u00eda Hern\u00e1ndez Tepole; representantes de la diputada Miriam Garc\u00eda Guzm\u00e1n y del diputado Diego Casta\u00f1eda Aburto, integrantes de las comisiones mencionadas; la presidenta de la CEDHV, Namiko Matzumoto Ben\u00edtez, y la encargada de la Oficina de Representaci\u00f3n del INPI en Veracruz, Mar\u00eda Magdalena Hern\u00e1ndez Hern\u00e1ndez.<\/p>\n<p style=\"font-weight: 400;\">As\u00ed como el secretario general de este Congreso, Domingo Bahena Corbal\u00e1; el secretario t\u00e9cnico de la Secretar\u00eda General, Marco Lara Quiroz; el director general de la Academia Veracruzana de las Lenguas Ind\u00edgenas (Aveli), Victoriano de la Cruz Cruz; el jefe del Departamento de Fortalecimiento Regional Papantla, del Instituto de Asuntos Ind\u00edgenas (Ivais), Luis Gustavo M\u00e1rquez Reyes; el director general de Pol\u00edtica Regional de la Secretar\u00eda de Gobierno, Adolfo Toss Capistr\u00e1n; el director jur\u00eddico de la Secretar\u00eda de Cultura del estado, Rodolfo Chena Rivas, y el director de Asuntos Jur\u00eddicos de la CEDHV, Miguel \u00c1ngel C\u00f3rdova \u00c1lvarez.<\/p>\n","protected":false},"excerpt":{"rendered":"<p>* Participan comisiones legislativas, \u00f3rganos garante y asesor, gobierno estatal y grupo t\u00e9cnico interinstitucional. Xalapa, Ver.- Este Congreso, a trav\u00e9s de las Comisiones Permanentes Unidas de Justicia y Puntos Constitucionales y de Asuntos Ind\u00edgenas y de las Comunidades Afrodescendientes, inici\u00f3 el proceso de consulta previa, libre, informada y culturalmente adecuada a los pueblos y comunidades [&hellip;]<\/p>\n","protected":false},"author":2476,"featured_media":65339,"comment_status":"open","ping_status":"open","sticky":false,"template":"","format":"standard","meta":{"_jetpack_memberships_contains_paid_content":false,"footnotes":""},"categories":[2],"tags":[],"class_list":["post-65338","post","type-post","status-publish","format-standard","has-post-thumbnail","hentry","category-estado"],"jetpack_featured_media_url":"https:\/\/encuentroinformativo.com.mx\/wp-content\/uploads\/2025\/03\/NOV31MARZO2025CONSULTA4-scaled.jpeg","jetpack_sharing_enabled":true,"jetpack_likes_enabled":true,"amp_enabled":true,"_links":{"self":[{"href":"https:\/\/encuentroinformativo.com.mx\/index.php?rest_route=\/wp\/v2\/posts\/65338","targetHints":{"allow":["GET"]}}],"collection":[{"href":"https:\/\/encuentroinformativo.com.mx\/index.php?rest_route=\/wp\/v2\/posts"}],"about":[{"href":"https:\/\/encuentroinformativo.com.mx\/index.php?rest_route=\/wp\/v2\/types\/post"}],"author":[{"embeddable":true,"href":"https:\/\/encuentroinformativo.com.mx\/index.php?rest_route=\/wp\/v2\/users\/2476"}],"replies":[{"embeddable":true,"href":"https:\/\/encuentroinformativo.com.mx\/index.php?rest_route=%2Fwp%2Fv2%2Fcomments&post=65338"}],"version-history":[{"count":1,"href":"https:\/\/encuentroinformativo.com.mx\/index.php?rest_route=\/wp\/v2\/posts\/65338\/revisions"}],"predecessor-version":[{"id":65340,"href":"https:\/\/encuentroinformativo.com.mx\/index.php?rest_route=\/wp\/v2\/posts\/65338\/revisions\/65340"}],"wp:featuredmedia":[{"embeddable":true,"href":"https:\/\/encuentroinformativo.com.mx\/index.php?rest_route=\/wp\/v2\/media\/65339"}],"wp:attachment":[{"href":"https:\/\/encuentroinformativo.com.mx\/index.php?rest_route=%2Fwp%2Fv2%2Fmedia&parent=65338"}],"wp:term":[{"taxonomy":"category","embeddable":true,"href":"https:\/\/encuentroinformativo.com.mx\/index.php?rest_route=%2Fwp%2Fv2%2Fcategories&post=65338"},{"taxonomy":"post_tag","embeddable":true,"href":"https:\/\/encuentroinformativo.com.mx\/index.php?rest_route=%2Fwp%2Fv2%2Ftags&post=65338"}],"curies":[{"name":"wp","href":"https:\/\/api.w.org\/{rel}","templated":true}]}}